{"id":972,"date":"2016-09-05T09:55:57","date_gmt":"2016-09-05T08:55:57","guid":{"rendered":"http:\/\/commune-loffre.fr\/?p=972"},"modified":"2016-09-05T09:55:57","modified_gmt":"2016-09-05T08:55:57","slug":"fete-du-village-2","status":"publish","type":"post","link":"http:\/\/commune-loffre.fr\/index.php\/2016\/09\/05\/fete-du-village-2\/","title":{"rendered":"F\u00eate du Village"},"content":{"rendered":"<p>Week-end tr\u00e8s ensoleill\u00e9 pour la f\u00eate du village qui s\u2019est d\u00e9roul\u00e9 les 27 et 28 Ao\u00fbt.<\/p>\n\n\t\t<style type=\"text\/css\">\n\t\t\t#gallery-1 {\n\t\t\t\tmargin: auto;\n\t\t\t}\n\t\t\t#gallery-1 .gallery-item {\n\t\t\t\tfloat: left;\n\t\t\t\tmargin-top: 10px;\n\t\t\t\ttext-align: center;\n\t\t\t\twidth: 20%;\n\t\t\t}\n\t\t\t#gallery-1 img {\n\t\t\t\tborder: 2px solid #cfcfcf;\n\t\t\t}\n\t\t\t#gallery-1 .gallery-caption {\n\t\t\t\tmargin-left: 0;\n\t\t\t}\n\t\t\t\/* see gallery_shortcode() in wp-includes\/media.php *\/\n\t\t<\/style>\n\t\t<div id='gallery-1' class='gallery galleryid-972 gallery-columns-5 gallery-size-thumbnail'><dl class='gallery-item'>\n\t\t\t<dt class='gallery-icon landscape'>\n\t\t\t\t<a href='http:\/\/commune-loffre.fr\/index.php\/2016\/09\/05\/fete-du-village-2\/olympus-digital-camera-223\/'><img loading=\"lazy\" decoding=\"async\" width=\"150\" height=\"150\" src=\"http:\/\/commune-loffre.fr\/wp-content\/uploads\/2016\/09\/F\u00eate-du-Village-2016-1-150x150.jpg\" class=\"attachment-thumbnail size-thumbnail\" alt=\"\" srcset=\"http:\/\/commune-loffre.fr\/wp-content\/uploads\/2016\/09\/F\u00eate-du-Village-2016-1-150x150.jpg 150w, http:\/\/commune-loffre.fr\/wp-content\/uploads\/2016\/09\/F\u00eate-du-Village-2016-1-180x180.jpg 180w, http:\/\/commune-loffre.fr\/wp-content\/uploads\/2016\/09\/F\u00eate-du-Village-2016-1-60x60.jpg 60w\" sizes=\"(max-width: 150px) 100vw, 150px\" \/><\/a>\n\t\t\t<\/dt><\/dl><dl class='gallery-item'>\n\t\t\t<dt class='gallery-icon portrait'>\n\t\t\t\t<a href='http:\/\/commune-loffre.fr\/index.php\/2016\/09\/05\/fete-du-village-2\/olympus-digital-camera-224\/'><img loading=\"lazy\" decoding=\"async\" width=\"150\" height=\"150\" src=\"http:\/\/commune-loffre.fr\/wp-content\/uploads\/2016\/09\/F\u00eate-du-Village-2016-2-150x150.jpg\" class=\"attachment-thumbnail size-thumbnail\" alt=\"\" srcset=\"http:\/\/commune-loffre.fr\/wp-content\/uploads\/2016\/09\/F\u00eate-du-Village-2016-2-150x150.jpg 150w, http:\/\/commune-loffre.fr\/wp-content\/uploads\/2016\/09\/F\u00eate-du-Village-2016-2-180x180.jpg 180w, http:\/\/commune-loffre.fr\/wp-content\/uploads\/2016\/09\/F\u00eate-du-Village-2016-2-60x60.jpg 60w\" sizes=\"(max-width: 150px) 100vw, 150px\" \/><\/a>\n\t\t\t<\/dt><\/dl><dl class='gallery-item'>\n\t\t\t<dt class='gallery-icon landscape'>\n\t\t\t\t<a href='http:\/\/commune-loffre.fr\/index.php\/2016\/09\/05\/fete-du-village-2\/olympus-digital-camera-225\/'><img loading=\"lazy\" decoding=\"async\" width=\"150\" height=\"150\" src=\"http:\/\/commune-loffre.fr\/wp-content\/uploads\/2016\/09\/F\u00eate-du-Village-2016-3-150x150.jpg\" class=\"attachment-thumbnail size-thumbnail\" alt=\"\" srcset=\"http:\/\/commune-loffre.fr\/wp-content\/uploads\/2016\/09\/F\u00eate-du-Village-2016-3-150x150.jpg 150w, http:\/\/commune-loffre.fr\/wp-content\/uploads\/2016\/09\/F\u00eate-du-Village-2016-3-180x180.jpg 180w, http:\/\/commune-loffre.fr\/wp-content\/uploads\/2016\/09\/F\u00eate-du-Village-2016-3-60x60.jpg 60w\" sizes=\"(max-width: 150px) 100vw, 150px\" \/><\/a>\n\t\t\t<\/dt><\/dl><dl class='gallery-item'>\n\t\t\t<dt class='gallery-icon landscape'>\n\t\t\t\t<a href='http:\/\/commune-loffre.fr\/index.php\/2016\/09\/05\/fete-du-village-2\/olympus-digital-camera-226\/'><img loading=\"lazy\" decoding=\"async\" width=\"150\" height=\"150\" src=\"http:\/\/commune-loffre.fr\/wp-content\/uploads\/2016\/09\/F\u00eate-du-Village-2016-4-150x150.jpg\" class=\"attachment-thumbnail size-thumbnail\" alt=\"\" srcset=\"http:\/\/commune-loffre.fr\/wp-content\/uploads\/2016\/09\/F\u00eate-du-Village-2016-4-150x150.jpg 150w, http:\/\/commune-loffre.fr\/wp-content\/uploads\/2016\/09\/F\u00eate-du-Village-2016-4-180x180.jpg 180w, http:\/\/commune-loffre.fr\/wp-content\/uploads\/2016\/09\/F\u00eate-du-Village-2016-4-60x60.jpg 60w\" sizes=\"(max-width: 150px) 100vw, 150px\" \/><\/a>\n\t\t\t<\/dt><\/dl><dl class='gallery-item'>\n\t\t\t<dt class='gallery-icon landscape'>\n\t\t\t\t<a href='http:\/\/commune-loffre.fr\/index.php\/2016\/09\/05\/fete-du-village-2\/olympus-digital-camera-227\/'><img loading=\"lazy\" decoding=\"async\" width=\"150\" height=\"150\" src=\"http:\/\/commune-loffre.fr\/wp-content\/uploads\/2016\/09\/F\u00eate-du-Village-2016-5-150x150.jpg\" class=\"attachment-thumbnail size-thumbnail\" alt=\"\" srcset=\"http:\/\/commune-loffre.fr\/wp-content\/uploads\/2016\/09\/F\u00eate-du-Village-2016-5-150x150.jpg 150w, http:\/\/commune-loffre.fr\/wp-content\/uploads\/2016\/09\/F\u00eate-du-Village-2016-5-180x180.jpg 180w, http:\/\/commune-loffre.fr\/wp-content\/uploads\/2016\/09\/F\u00eate-du-Village-2016-5-60x60.jpg 60w\" sizes=\"(max-width: 150px) 100vw, 150px\" \/><\/a>\n\t\t\t<\/dt><\/dl><br style=\"clear: both\" \/><dl class='gallery-item'>\n\t\t\t<dt class='gallery-icon landscape'>\n\t\t\t\t<a href='http:\/\/commune-loffre.fr\/index.php\/2016\/09\/05\/fete-du-village-2\/olympus-digital-camera-228\/'><img loading=\"lazy\" decoding=\"async\" width=\"150\" height=\"150\" src=\"http:\/\/commune-loffre.fr\/wp-content\/uploads\/2016\/09\/F\u00eate-du-Village-2016-6-150x150.jpg\" class=\"attachment-thumbnail size-thumbnail\" alt=\"\" srcset=\"http:\/\/commune-loffre.fr\/wp-content\/uploads\/2016\/09\/F\u00eate-du-Village-2016-6-150x150.jpg 150w, http:\/\/commune-loffre.fr\/wp-content\/uploads\/2016\/09\/F\u00eate-du-Village-2016-6-180x180.jpg 180w, http:\/\/commune-loffre.fr\/wp-content\/uploads\/2016\/09\/F\u00eate-du-Village-2016-6-60x60.jpg 60w\" sizes=\"(max-width: 150px) 100vw, 150px\" \/><\/a>\n\t\t\t<\/dt><\/dl><dl class='gallery-item'>\n\t\t\t<dt class='gallery-icon landscape'>\n\t\t\t\t<a href='http:\/\/commune-loffre.fr\/index.php\/2016\/09\/05\/fete-du-village-2\/olympus-digital-camera-229\/'><img loading=\"lazy\" decoding=\"async\" width=\"150\" height=\"150\" src=\"http:\/\/commune-loffre.fr\/wp-content\/uploads\/2016\/09\/F\u00eate-du-Village-2016-7-150x150.jpg\" class=\"attachment-thumbnail size-thumbnail\" alt=\"\" srcset=\"http:\/\/commune-loffre.fr\/wp-content\/uploads\/2016\/09\/F\u00eate-du-Village-2016-7-150x150.jpg 150w, http:\/\/commune-loffre.fr\/wp-content\/uploads\/2016\/09\/F\u00eate-du-Village-2016-7-180x180.jpg 180w, http:\/\/commune-loffre.fr\/wp-content\/uploads\/2016\/09\/F\u00eate-du-Village-2016-7-60x60.jpg 60w\" sizes=\"(max-width: 150px) 100vw, 150px\" \/><\/a>\n\t\t\t<\/dt><\/dl><dl class='gallery-item'>\n\t\t\t<dt class='gallery-icon landscape'>\n\t\t\t\t<a href='http:\/\/commune-loffre.fr\/index.php\/2016\/09\/05\/fete-du-village-2\/olympus-digital-camera-230\/'><img loading=\"lazy\" decoding=\"async\" width=\"150\" height=\"150\" src=\"http:\/\/commune-loffre.fr\/wp-content\/uploads\/2016\/09\/F\u00eate-du-Village-2016-8-150x150.jpg\" class=\"attachment-thumbnail size-thumbnail\" alt=\"\" srcset=\"http:\/\/commune-loffre.fr\/wp-content\/uploads\/2016\/09\/F\u00eate-du-Village-2016-8-150x150.jpg 150w, http:\/\/commune-loffre.fr\/wp-content\/uploads\/2016\/09\/F\u00eate-du-Village-2016-8-180x180.jpg 180w, http:\/\/commune-loffre.fr\/wp-content\/uploads\/2016\/09\/F\u00eate-du-Village-2016-8-60x60.jpg 60w\" sizes=\"(max-width: 150px) 100vw, 150px\" \/><\/a>\n\t\t\t<\/dt><\/dl><dl class='gallery-item'>\n\t\t\t<dt class='gallery-icon landscape'>\n\t\t\t\t<a href='http:\/\/commune-loffre.fr\/index.php\/2016\/09\/05\/fete-du-village-2\/olympus-digital-camera-231\/'><img loading=\"lazy\" decoding=\"async\" width=\"150\" height=\"150\" src=\"http:\/\/commune-loffre.fr\/wp-content\/uploads\/2016\/09\/F\u00eate-du-Village-2016-9-150x150.jpg\" class=\"attachment-thumbnail size-thumbnail\" alt=\"\" srcset=\"http:\/\/commune-loffre.fr\/wp-content\/uploads\/2016\/09\/F\u00eate-du-Village-2016-9-150x150.jpg 150w, http:\/\/commune-loffre.fr\/wp-content\/uploads\/2016\/09\/F\u00eate-du-Village-2016-9-180x180.jpg 180w, http:\/\/commune-loffre.fr\/wp-content\/uploads\/2016\/09\/F\u00eate-du-Village-2016-9-60x60.jpg 60w\" sizes=\"(max-width: 150px) 100vw, 150px\" \/><\/a>\n\t\t\t<\/dt><\/dl><dl class='gallery-item'>\n\t\t\t<dt class='gallery-icon landscape'>\n\t\t\t\t<a href='http:\/\/commune-loffre.fr\/index.php\/2016\/09\/05\/fete-du-village-2\/olympus-digital-camera-232\/'><img loading=\"lazy\" decoding=\"async\" width=\"150\" height=\"150\" src=\"http:\/\/commune-loffre.fr\/wp-content\/uploads\/2016\/09\/F\u00eate-du-Village-2016-10-150x150.jpg\" class=\"attachment-thumbnail size-thumbnail\" alt=\"\" srcset=\"http:\/\/commune-loffre.fr\/wp-content\/uploads\/2016\/09\/F\u00eate-du-Village-2016-10-150x150.jpg 150w, http:\/\/commune-loffre.fr\/wp-content\/uploads\/2016\/09\/F\u00eate-du-Village-2016-10-180x180.jpg 180w, http:\/\/commune-loffre.fr\/wp-content\/uploads\/2016\/09\/F\u00eate-du-Village-2016-10-60x60.jpg 60w\" sizes=\"(max-width: 150px) 100vw, 150px\" \/><\/a>\n\t\t\t<\/dt><\/dl><br style=\"clear: both\" \/><dl class='gallery-item'>\n\t\t\t<dt class='gallery-icon landscape'>\n\t\t\t\t<a href='http:\/\/commune-loffre.fr\/index.php\/2016\/09\/05\/fete-du-village-2\/olympus-digital-camera-233\/'><img loading=\"lazy\" decoding=\"async\" width=\"150\" height=\"150\" src=\"http:\/\/commune-loffre.fr\/wp-content\/uploads\/2016\/09\/F\u00eate-du-Village-2016-11-150x150.jpg\" class=\"attachment-thumbnail size-thumbnail\" alt=\"\" srcset=\"http:\/\/commune-loffre.fr\/wp-content\/uploads\/2016\/09\/F\u00eate-du-Village-2016-11-150x150.jpg 150w, http:\/\/commune-loffre.fr\/wp-content\/uploads\/2016\/09\/F\u00eate-du-Village-2016-11-180x180.jpg 180w, http:\/\/commune-loffre.fr\/wp-content\/uploads\/2016\/09\/F\u00eate-du-Village-2016-11-60x60.jpg 60w\" sizes=\"(max-width: 150px) 100vw, 150px\" \/><\/a>\n\t\t\t<\/dt><\/dl><dl class='gallery-item'>\n\t\t\t<dt class='gallery-icon landscape'>\n\t\t\t\t<a href='http:\/\/commune-loffre.fr\/index.php\/2016\/09\/05\/fete-du-village-2\/olympus-digital-camera-234\/'><img loading=\"lazy\" decoding=\"async\" width=\"150\" height=\"150\" src=\"http:\/\/commune-loffre.fr\/wp-content\/uploads\/2016\/09\/F\u00eate-du-Village-2016-12-150x150.jpg\" class=\"attachment-thumbnail size-thumbnail\" alt=\"\" srcset=\"http:\/\/commune-loffre.fr\/wp-content\/uploads\/2016\/09\/F\u00eate-du-Village-2016-12-150x150.jpg 150w, http:\/\/commune-loffre.fr\/wp-content\/uploads\/2016\/09\/F\u00eate-du-Village-2016-12-180x180.jpg 180w, http:\/\/commune-loffre.fr\/wp-content\/uploads\/2016\/09\/F\u00eate-du-Village-2016-12-60x60.jpg 60w\" sizes=\"(max-width: 150px) 100vw, 150px\" \/><\/a>\n\t\t\t<\/dt><\/dl><dl class='gallery-item'>\n\t\t\t<dt class='gallery-icon landscape'>\n\t\t\t\t<a href='http:\/\/commune-loffre.fr\/index.php\/2016\/09\/05\/fete-du-village-2\/olympus-digital-camera-235\/'><img loading=\"lazy\" decoding=\"async\" width=\"150\" height=\"150\" src=\"http:\/\/commune-loffre.fr\/wp-content\/uploads\/2016\/09\/F\u00eate-du-Village-2016-13-150x150.jpg\" class=\"attachment-thumbnail size-thumbnail\" alt=\"\" srcset=\"http:\/\/commune-loffre.fr\/wp-content\/uploads\/2016\/09\/F\u00eate-du-Village-2016-13-150x150.jpg 150w, http:\/\/commune-loffre.fr\/wp-content\/uploads\/2016\/09\/F\u00eate-du-Village-2016-13-180x180.jpg 180w, http:\/\/commune-loffre.fr\/wp-content\/uploads\/2016\/09\/F\u00eate-du-Village-2016-13-60x60.jpg 60w\" sizes=\"(max-width: 150px) 100vw, 150px\" \/><\/a>\n\t\t\t<\/dt><\/dl><dl class='gallery-item'>\n\t\t\t<dt class='gallery-icon landscape'>\n\t\t\t\t<a href='http:\/\/commune-loffre.fr\/index.php\/2016\/09\/05\/fete-du-village-2\/olympus-digital-camera-236\/'><img loading=\"lazy\" decoding=\"async\" width=\"150\" height=\"150\" src=\"http:\/\/commune-loffre.fr\/wp-content\/uploads\/2016\/09\/F\u00eate-du-Village-2016-14-150x150.jpg\" class=\"attachment-thumbnail size-thumbnail\" alt=\"\" srcset=\"http:\/\/commune-loffre.fr\/wp-content\/uploads\/2016\/09\/F\u00eate-du-Village-2016-14-150x150.jpg 150w, http:\/\/commune-loffre.fr\/wp-content\/uploads\/2016\/09\/F\u00eate-du-Village-2016-14-180x180.jpg 180w, http:\/\/commune-loffre.fr\/wp-content\/uploads\/2016\/09\/F\u00eate-du-Village-2016-14-60x60.jpg 60w\" sizes=\"(max-width: 150px) 100vw, 150px\" \/><\/a>\n\t\t\t<\/dt><\/dl><dl class='gallery-item'>\n\t\t\t<dt class='gallery-icon landscape'>\n\t\t\t\t<a href='http:\/\/commune-loffre.fr\/index.php\/2016\/09\/05\/fete-du-village-2\/olympus-digital-camera-237\/'><img loading=\"lazy\" decoding=\"async\" width=\"150\" height=\"150\" src=\"http:\/\/commune-loffre.fr\/wp-content\/uploads\/2016\/09\/F\u00eate-du-Village-2016-15-150x150.jpg\" class=\"attachment-thumbnail size-thumbnail\" alt=\"\" srcset=\"http:\/\/commune-loffre.fr\/wp-content\/uploads\/2016\/09\/F\u00eate-du-Village-2016-15-150x150.jpg 150w, http:\/\/commune-loffre.fr\/wp-content\/uploads\/2016\/09\/F\u00eate-du-Village-2016-15-180x180.jpg 180w, http:\/\/commune-loffre.fr\/wp-content\/uploads\/2016\/09\/F\u00eate-du-Village-2016-15-60x60.jpg 60w\" sizes=\"(max-width: 150px) 100vw, 150px\" \/><\/a>\n\t\t\t<\/dt><\/dl><br style=\"clear: both\" \/><dl class='gallery-item'>\n\t\t\t<dt class='gallery-icon landscape'>\n\t\t\t\t<a href='http:\/\/commune-loffre.fr\/index.php\/2016\/09\/05\/fete-du-village-2\/olympus-digital-camera-238\/'><img loading=\"lazy\" decoding=\"async\" width=\"150\" height=\"150\" src=\"http:\/\/commune-loffre.fr\/wp-content\/uploads\/2016\/09\/F\u00eate-du-Village-2016-16-150x150.jpg\" class=\"attachment-thumbnail size-thumbnail\" alt=\"\" srcset=\"http:\/\/commune-loffre.fr\/wp-content\/uploads\/2016\/09\/F\u00eate-du-Village-2016-16-150x150.jpg 150w, http:\/\/commune-loffre.fr\/wp-content\/uploads\/2016\/09\/F\u00eate-du-Village-2016-16-180x180.jpg 180w, http:\/\/commune-loffre.fr\/wp-content\/uploads\/2016\/09\/F\u00eate-du-Village-2016-16-60x60.jpg 60w\" sizes=\"(max-width: 150px) 100vw, 150px\" \/><\/a>\n\t\t\t<\/dt><\/dl><dl class='gallery-item'>\n\t\t\t<dt class='gallery-icon landscape'>\n\t\t\t\t<a href='http:\/\/commune-loffre.fr\/index.php\/2016\/09\/05\/fete-du-village-2\/olympus-digital-camera-239\/'><img loading=\"lazy\" decoding=\"async\" width=\"150\" height=\"150\" src=\"http:\/\/commune-loffre.fr\/wp-content\/uploads\/2016\/09\/F\u00eate-du-Village-2016-17-150x150.jpg\" class=\"attachment-thumbnail size-thumbnail\" alt=\"\" srcset=\"http:\/\/commune-loffre.fr\/wp-content\/uploads\/2016\/09\/F\u00eate-du-Village-2016-17-150x150.jpg 150w, http:\/\/commune-loffre.fr\/wp-content\/uploads\/2016\/09\/F\u00eate-du-Village-2016-17-180x180.jpg 180w, http:\/\/commune-loffre.fr\/wp-content\/uploads\/2016\/09\/F\u00eate-du-Village-2016-17-60x60.jpg 60w\" sizes=\"(max-width: 150px) 100vw, 150px\" \/><\/a>\n\t\t\t<\/dt><\/dl><dl class='gallery-item'>\n\t\t\t<dt class='gallery-icon landscape'>\n\t\t\t\t<a href='http:\/\/commune-loffre.fr\/index.php\/2016\/09\/05\/fete-du-village-2\/olympus-digital-camera-240\/'><img loading=\"lazy\" decoding=\"async\" width=\"150\" height=\"150\" src=\"http:\/\/commune-loffre.fr\/wp-content\/uploads\/2016\/09\/F\u00eate-du-Village-2016-18-150x150.jpg\" class=\"attachment-thumbnail size-thumbnail\" alt=\"\" srcset=\"http:\/\/commune-loffre.fr\/wp-content\/uploads\/2016\/09\/F\u00eate-du-Village-2016-18-150x150.jpg 150w, http:\/\/commune-loffre.fr\/wp-content\/uploads\/2016\/09\/F\u00eate-du-Village-2016-18-180x180.jpg 180w, http:\/\/commune-loffre.fr\/wp-content\/uploads\/2016\/09\/F\u00eate-du-Village-2016-18-60x60.jpg 60w\" sizes=\"(max-width: 150px) 100vw, 150px\" \/><\/a>\n\t\t\t<\/dt><\/dl><dl class='gallery-item'>\n\t\t\t<dt class='gallery-icon landscape'>\n\t\t\t\t<a href='http:\/\/commune-loffre.fr\/index.php\/2016\/09\/05\/fete-du-village-2\/olympus-digital-camera-241\/'><img loading=\"lazy\" decoding=\"async\" width=\"150\" height=\"150\" src=\"http:\/\/commune-loffre.fr\/wp-content\/uploads\/2016\/09\/F\u00eate-du-Village-2016-19-150x150.jpg\" class=\"attachment-thumbnail size-thumbnail\" alt=\"\" srcset=\"http:\/\/commune-loffre.fr\/wp-content\/uploads\/2016\/09\/F\u00eate-du-Village-2016-19-150x150.jpg 150w, http:\/\/commune-loffre.fr\/wp-content\/uploads\/2016\/09\/F\u00eate-du-Village-2016-19-180x180.jpg 180w, http:\/\/commune-loffre.fr\/wp-content\/uploads\/2016\/09\/F\u00eate-du-Village-2016-19-60x60.jpg 60w\" sizes=\"(max-width: 150px) 100vw, 150px\" \/><\/a>\n\t\t\t<\/dt><\/dl><dl class='gallery-item'>\n\t\t\t<dt class='gallery-icon landscape'>\n\t\t\t\t<a href='http:\/\/commune-loffre.fr\/index.php\/2016\/09\/05\/fete-du-village-2\/olympus-digital-camera-242\/'><img loading=\"lazy\" decoding=\"async\" width=\"150\" height=\"150\" src=\"http:\/\/commune-loffre.fr\/wp-content\/uploads\/2016\/09\/F\u00eate-du-Village-2016-20-150x150.jpg\" class=\"attachment-thumbnail size-thumbnail\" alt=\"\" srcset=\"http:\/\/commune-loffre.fr\/wp-content\/uploads\/2016\/09\/F\u00eate-du-Village-2016-20-150x150.jpg 150w, http:\/\/commune-loffre.fr\/wp-content\/uploads\/2016\/09\/F\u00eate-du-Village-2016-20-180x180.jpg 180w, http:\/\/commune-loffre.fr\/wp-content\/uploads\/2016\/09\/F\u00eate-du-Village-2016-20-60x60.jpg 60w\" sizes=\"(max-width: 150px) 100vw, 150px\" \/><\/a>\n\t\t\t<\/dt><\/dl><br style=\"clear: both\" \/><dl class='gallery-item'>\n\t\t\t<dt class='gallery-icon landscape'>\n\t\t\t\t<a href='http:\/\/commune-loffre.fr\/index.php\/2016\/09\/05\/fete-du-village-2\/olympus-digital-camera-243\/'><img loading=\"lazy\" decoding=\"async\" width=\"150\" height=\"150\" src=\"http:\/\/commune-loffre.fr\/wp-content\/uploads\/2016\/09\/F\u00eate-du-Village-2016-21-150x150.jpg\" class=\"attachment-thumbnail size-thumbnail\" alt=\"\" srcset=\"http:\/\/commune-loffre.fr\/wp-content\/uploads\/2016\/09\/F\u00eate-du-Village-2016-21-150x150.jpg 150w, http:\/\/commune-loffre.fr\/wp-content\/uploads\/2016\/09\/F\u00eate-du-Village-2016-21-180x180.jpg 180w, http:\/\/commune-loffre.fr\/wp-content\/uploads\/2016\/09\/F\u00eate-du-Village-2016-21-60x60.jpg 60w\" sizes=\"(max-width: 150px) 100vw, 150px\" \/><\/a>\n\t\t\t<\/dt><\/dl><dl class='gallery-item'>\n\t\t\t<dt class='gallery-icon landscape'>\n\t\t\t\t<a href='http:\/\/commune-loffre.fr\/index.php\/2016\/09\/05\/fete-du-village-2\/olympus-digital-camera-244\/'><img loading=\"lazy\" decoding=\"async\" width=\"150\" height=\"150\" src=\"http:\/\/commune-loffre.fr\/wp-content\/uploads\/2016\/09\/F\u00eate-du-Village-2016-22-150x150.jpg\" class=\"attachment-thumbnail size-thumbnail\" alt=\"\" srcset=\"http:\/\/commune-loffre.fr\/wp-content\/uploads\/2016\/09\/F\u00eate-du-Village-2016-22-150x150.jpg 150w, http:\/\/commune-loffre.fr\/wp-content\/uploads\/2016\/09\/F\u00eate-du-Village-2016-22-180x180.jpg 180w, http:\/\/commune-loffre.fr\/wp-content\/uploads\/2016\/09\/F\u00eate-du-Village-2016-22-60x60.jpg 60w\" sizes=\"(max-width: 150px) 100vw, 150px\" \/><\/a>\n\t\t\t<\/dt><\/dl><dl class='gallery-item'>\n\t\t\t<dt class='gallery-icon landscape'>\n\t\t\t\t<a href='http:\/\/commune-loffre.fr\/index.php\/2016\/09\/05\/fete-du-village-2\/olympus-digital-camera-245\/'><img loading=\"lazy\" decoding=\"async\" width=\"150\" height=\"150\" src=\"http:\/\/commune-loffre.fr\/wp-content\/uploads\/2016\/09\/F\u00eate-du-Village-2016-23-150x150.jpg\" class=\"attachment-thumbnail size-thumbnail\" alt=\"\" srcset=\"http:\/\/commune-loffre.fr\/wp-content\/uploads\/2016\/09\/F\u00eate-du-Village-2016-23-150x150.jpg 150w, http:\/\/commune-loffre.fr\/wp-content\/uploads\/2016\/09\/F\u00eate-du-Village-2016-23-180x180.jpg 180w, http:\/\/commune-loffre.fr\/wp-content\/uploads\/2016\/09\/F\u00eate-du-Village-2016-23-60x60.jpg 60w\" sizes=\"(max-width: 150px) 100vw, 150px\" \/><\/a>\n\t\t\t<\/dt><\/dl><dl class='gallery-item'>\n\t\t\t<dt class='gallery-icon landscape'>\n\t\t\t\t<a href='http:\/\/commune-loffre.fr\/index.php\/2016\/09\/05\/fete-du-village-2\/olympus-digital-camera-246\/'><img loading=\"lazy\" decoding=\"async\" width=\"150\" height=\"150\" src=\"http:\/\/commune-loffre.fr\/wp-content\/uploads\/2016\/09\/F\u00eate-du-Village-2016-24-150x150.jpg\" class=\"attachment-thumbnail size-thumbnail\" alt=\"\" srcset=\"http:\/\/commune-loffre.fr\/wp-content\/uploads\/2016\/09\/F\u00eate-du-Village-2016-24-150x150.jpg 150w, http:\/\/commune-loffre.fr\/wp-content\/uploads\/2016\/09\/F\u00eate-du-Village-2016-24-180x180.jpg 180w, http:\/\/commune-loffre.fr\/wp-content\/uploads\/2016\/09\/F\u00eate-du-Village-2016-24-60x60.jpg 60w\" sizes=\"(max-width: 150px) 100vw, 150px\" \/><\/a>\n\t\t\t<\/dt><\/dl><dl class='gallery-item'>\n\t\t\t<dt class='gallery-icon landscape'>\n\t\t\t\t<a href='http:\/\/commune-loffre.fr\/index.php\/2016\/09\/05\/fete-du-village-2\/olympus-digital-camera-247\/'><img loading=\"lazy\" decoding=\"async\" width=\"150\" height=\"150\" src=\"http:\/\/commune-loffre.fr\/wp-content\/uploads\/2016\/09\/F\u00eate-du-Village-2016-25-150x150.jpg\" class=\"attachment-thumbnail size-thumbnail\" alt=\"\" srcset=\"http:\/\/commune-loffre.fr\/wp-content\/uploads\/2016\/09\/F\u00eate-du-Village-2016-25-150x150.jpg 150w, http:\/\/commune-loffre.fr\/wp-content\/uploads\/2016\/09\/F\u00eate-du-Village-2016-25-180x180.jpg 180w, http:\/\/commune-loffre.fr\/wp-content\/uploads\/2016\/09\/F\u00eate-du-Village-2016-25-60x60.jpg 60w\" sizes=\"(max-width: 150px) 100vw, 150px\" \/><\/a>\n\t\t\t<\/dt><\/dl><br style=\"clear: both\" \/><dl class='gallery-item'>\n\t\t\t<dt class='gallery-icon landscape'>\n\t\t\t\t<a href='http:\/\/commune-loffre.fr\/index.php\/2016\/09\/05\/fete-du-village-2\/olympus-digital-camera-248\/'><img loading=\"lazy\" decoding=\"async\" width=\"150\" height=\"150\" src=\"http:\/\/commune-loffre.fr\/wp-content\/uploads\/2016\/09\/F\u00eate-du-Village-2016-26-150x150.jpg\" class=\"attachment-thumbnail size-thumbnail\" alt=\"\" srcset=\"http:\/\/commune-loffre.fr\/wp-content\/uploads\/2016\/09\/F\u00eate-du-Village-2016-26-150x150.jpg 150w, http:\/\/commune-loffre.fr\/wp-content\/uploads\/2016\/09\/F\u00eate-du-Village-2016-26-180x180.jpg 180w, http:\/\/commune-loffre.fr\/wp-content\/uploads\/2016\/09\/F\u00eate-du-Village-2016-26-60x60.jpg 60w\" sizes=\"(max-width: 150px) 100vw, 150px\" \/><\/a>\n\t\t\t<\/dt><\/dl><dl class='gallery-item'>\n\t\t\t<dt class='gallery-icon landscape'>\n\t\t\t\t<a href='http:\/\/commune-loffre.fr\/index.php\/2016\/09\/05\/fete-du-village-2\/olympus-digital-camera-249\/'><img loading=\"lazy\" decoding=\"async\" width=\"150\" height=\"150\" src=\"http:\/\/commune-loffre.fr\/wp-content\/uploads\/2016\/09\/F\u00eate-du-Village-2016-27-150x150.jpg\" class=\"attachment-thumbnail size-thumbnail\" alt=\"\" srcset=\"http:\/\/commune-loffre.fr\/wp-content\/uploads\/2016\/09\/F\u00eate-du-Village-2016-27-150x150.jpg 150w, http:\/\/commune-loffre.fr\/wp-content\/uploads\/2016\/09\/F\u00eate-du-Village-2016-27-180x180.jpg 180w, http:\/\/commune-loffre.fr\/wp-content\/uploads\/2016\/09\/F\u00eate-du-Village-2016-27-60x60.jpg 60w\" sizes=\"(max-width: 150px) 100vw, 150px\" \/><\/a>\n\t\t\t<\/dt><\/dl><dl class='gallery-item'>\n\t\t\t<dt class='gallery-icon landscape'>\n\t\t\t\t<a href='http:\/\/commune-loffre.fr\/index.php\/2016\/09\/05\/fete-du-village-2\/olympus-digital-camera-250\/'><img loading=\"lazy\" decoding=\"async\" width=\"150\" height=\"150\" src=\"http:\/\/commune-loffre.fr\/wp-content\/uploads\/2016\/09\/F\u00eate-du-Village-2016-28-150x150.jpg\" class=\"attachment-thumbnail size-thumbnail\" alt=\"\" srcset=\"http:\/\/commune-loffre.fr\/wp-content\/uploads\/2016\/09\/F\u00eate-du-Village-2016-28-150x150.jpg 150w, http:\/\/commune-loffre.fr\/wp-content\/uploads\/2016\/09\/F\u00eate-du-Village-2016-28-180x180.jpg 180w, http:\/\/commune-loffre.fr\/wp-content\/uploads\/2016\/09\/F\u00eate-du-Village-2016-28-60x60.jpg 60w\" sizes=\"(max-width: 150px) 100vw, 150px\" \/><\/a>\n\t\t\t<\/dt><\/dl><dl class='gallery-item'>\n\t\t\t<dt class='gallery-icon landscape'>\n\t\t\t\t<a href='http:\/\/commune-loffre.fr\/index.php\/2016\/09\/05\/fete-du-village-2\/olympus-digital-camera-251\/'><img loading=\"lazy\" decoding=\"async\" width=\"150\" height=\"150\" src=\"http:\/\/commune-loffre.fr\/wp-content\/uploads\/2016\/09\/F\u00eate-du-Village-2016-29-150x150.jpg\" class=\"attachment-thumbnail size-thumbnail\" alt=\"\" srcset=\"http:\/\/commune-loffre.fr\/wp-content\/uploads\/2016\/09\/F\u00eate-du-Village-2016-29-150x150.jpg 150w, http:\/\/commune-loffre.fr\/wp-content\/uploads\/2016\/09\/F\u00eate-du-Village-2016-29-180x180.jpg 180w, http:\/\/commune-loffre.fr\/wp-content\/uploads\/2016\/09\/F\u00eate-du-Village-2016-29-60x60.jpg 60w\" sizes=\"(max-width: 150px) 100vw, 150px\" \/><\/a>\n\t\t\t<\/dt><\/dl><dl class='gallery-item'>\n\t\t\t<dt class='gallery-icon landscape'>\n\t\t\t\t<a href='http:\/\/commune-loffre.fr\/index.php\/2016\/09\/05\/fete-du-village-2\/olympus-digital-camera-252\/'><img loading=\"lazy\" decoding=\"async\" width=\"150\" height=\"150\" src=\"http:\/\/commune-loffre.fr\/wp-content\/uploads\/2016\/09\/F\u00eate-du-Village-2016-30-150x150.jpg\" class=\"attachment-thumbnail size-thumbnail\" alt=\"\" srcset=\"http:\/\/commune-loffre.fr\/wp-content\/uploads\/2016\/09\/F\u00eate-du-Village-2016-30-150x150.jpg 150w, http:\/\/commune-loffre.fr\/wp-content\/uploads\/2016\/09\/F\u00eate-du-Village-2016-30-180x180.jpg 180w, http:\/\/commune-loffre.fr\/wp-content\/uploads\/2016\/09\/F\u00eate-du-Village-2016-30-60x60.jpg 60w\" sizes=\"(max-width: 150px) 100vw, 150px\" \/><\/a>\n\t\t\t<\/dt><\/dl><br style=\"clear: both\" \/>\n\t\t<\/div>\n\n<p>Celle-ci d\u00e9buta le Samedi midi par la r\u00e9ception \u00e0 la salle polyvalente des habitants et des responsables des associations par Monsieur le Maire et le conseil municipal. Monsieur Bruno Mundt, Maire-adjoint aux f\u00eates et c\u00e9r\u00e9monies, profita de cette occasion pour remercier le public pr\u00e9sent. Monsieur Bruno Mundt remercia \u00e9galement l\u2019association de danses Country, les Sh\u00e9rifs Onfire, qui organisait le repas dansant du samedi soir et les dirigeants du club de Football de l\u2019US Loffre qui prenaient en charge le tournoi de belote du Samedi apr\u00e8s-midi au Foyer Rural.<\/p>\n<p>Un peu moins de 100 personnes ont partag\u00e9 le repas dansant du samedi soir dans une tr\u00e8s bonne ambiance et malgr\u00e9 la chaleur de la soir\u00e9e, chacun a pu profiter de la tr\u00e8s bonne animation musicale propos\u00e9e par le DJ. Cette soir\u00e9e fut un bon moment de convivialit\u00e9 pour les participants.<\/p>\n<p>Le Dimanche matin les bradeux ont pu s\u2019installer dans la rue du Petit Marais et Petite Rue pour la traditionnelle brocante qui s\u2019est d\u00e9roul\u00e9e de 7 h 00 \u00e0 14 h 00 sous un soleil agr\u00e9able permettant aux promeneurs de rechercher la bonne affaire.<\/p>\n","protected":false},"excerpt":{"rendered":"<p>Week-end tr\u00e8s ensoleill\u00e9 pour la f\u00eate du village qui s\u2019est d\u00e9roul\u00e9 les 27 et 28 Ao\u00fbt. Celle-ci d\u00e9buta le Samedi midi par la r\u00e9ception \u00e0 la salle polyvalente des habitants&#8230; <a href=\"http:\/\/commune-loffre.fr\/index.php\/2016\/09\/05\/fete-du-village-2\/\">Read more &raquo;<\/a><\/p>\n","protected":false},"author":1,"featured_media":0,"comment_status":"closed","ping_status":"closed","sticky":false,"template":"","format":"standard","meta":{"footnotes":""},"categories":[10],"tags":[],"_links":{"self":[{"href":"http:\/\/commune-loffre.fr\/index.php\/wp-json\/wp\/v2\/posts\/972"}],"collection":[{"href":"http:\/\/commune-loffre.fr\/index.php\/wp-json\/wp\/v2\/posts"}],"about":[{"href":"http:\/\/commune-loffre.fr\/index.php\/wp-json\/wp\/v2\/types\/post"}],"author":[{"embeddable":true,"href":"http:\/\/commune-loffre.fr\/index.php\/wp-json\/wp\/v2\/users\/1"}],"replies":[{"embeddable":true,"href":"http:\/\/commune-loffre.fr\/index.php\/wp-json\/wp\/v2\/comments?post=972"}],"version-history":[{"count":1,"href":"http:\/\/commune-loffre.fr\/index.php\/wp-json\/wp\/v2\/posts\/972\/revisions"}],"predecessor-version":[{"id":1003,"href":"http:\/\/commune-loffre.fr\/index.php\/wp-json\/wp\/v2\/posts\/972\/revisions\/1003"}],"wp:attachment":[{"href":"http:\/\/commune-loffre.fr\/index.php\/wp-json\/wp\/v2\/media?parent=972"}],"wp:term":[{"taxonomy":"category","embeddable":true,"href":"http:\/\/commune-loffre.fr\/index.php\/wp-json\/wp\/v2\/categories?post=972"},{"taxonomy":"post_tag","embeddable":true,"href":"http:\/\/commune-loffre.fr\/index.php\/wp-json\/wp\/v2\/tags?post=972"}],"curies":[{"name":"wp","href":"https:\/\/api.w.org\/{rel}","templated":true}]}}