{"id":956,"date":"2016-08-15T10:26:36","date_gmt":"2016-08-15T09:26:36","guid":{"rendered":"http:\/\/commune-loffre.fr\/?p=956"},"modified":"2016-08-15T10:27:34","modified_gmt":"2016-08-15T09:27:34","slug":"atelier-bien-vivre-arleux","status":"publish","type":"post","link":"http:\/\/commune-loffre.fr\/index.php\/2016\/08\/15\/atelier-bien-vivre-arleux\/","title":{"rendered":"Atelier Bien Vivre \/ Arleux"},"content":{"rendered":"<p><strong>Avancer en \u00e2ge, sans incapacit\u00e9 et \u00e0 son domicile est le souhait de tout \u00e0 chacun.<\/strong><br \/>\nDes attitudes pr\u00e9ventives simples, des aides humaines ou techniques permettent de pr\u00e9venir les accidents de la vie courante, d\u2019entretenir sa m\u00e9moire, son \u00e9quilibre, de garder une vie sociale riche pour lutter contre la solitude.<br \/>\nEt si la d\u00e9pendance se manifeste, d\u2019autres aides existent pour accompagner au mieux la personne \u00e2g\u00e9e et son entourage familial, lutter ainsi contre l\u2019\u00e9puisement des aidants.<br \/>\nEncore faut-il les conna\u00eetre !<br \/>\nPour vous familiariser avec les clefs du bien vieillir, les relais possibles, mieux conna\u00eetre les nombreuses possibilit\u00e9s sur la commune, et au-del\u00e0, nous vous proposons une s\u00e9rie de 3 ateliers \u00ab <strong>Bien Vivre Ag\u00e9, Acteur de son projet dans son quartier<\/strong> \u00bb.<br \/>\n<strong>L\u2019acc\u00e8s \u00e0 ces ateliers est gratuit pour les Personnes Ag\u00e9es de 60 ans et plus mais \u00e9galement pour leurs aidants familiaux.<\/strong><br \/>\n<strong>Venez nous retrouver en toute convivialit\u00e9 au Centre Culturel Le Moulin, 2, rue de la Chauss\u00e9e \u00e0 ARLEUX de 14H \u00e0 16H les mardis :<\/strong><br \/>\n<strong>o 13 septembre 2016<\/strong> autour de l\u2019\u00e9quilibre alimentaire<br \/>\n<strong>o 18 octobre 2016<\/strong> pour lutter contre le d\u00e9marchage abusif,se prot\u00e9ger, prot\u00e9ger ses biens<br \/>\n<strong>o 15 novembre 2016<\/strong> pour tout savoir sur les aides en faveur du maintien \u00e0 domicile \u00e0 partir des caisses de retraite (aide m\u00e9nag\u00e8re) ou du D\u00e9partement (APA et aide humaine) etc \u2026<br \/>\nA l\u2019issue de chaque atelier, possibilit\u00e9 vous sera donn\u00e9e de rencontrer, \u00e0 titre individuel, et confidentiel, le coordonnateur g\u00e9rontologique du CLIC pour r\u00e9pondre \u00e0 votre situation ou \u00e0 celle de votre proche \u00e2g\u00e9.<br \/>\n<strong>Compte tenu du nombre limit\u00e9 de places, l\u2019inscription est obligatoire aupr\u00e8s du CLIC du Val de Sens\u00e9e au 03 27 92 87 45<\/strong><br \/>\nPossibilit\u00e9 de b\u00e9n\u00e9ficier d\u2019un transport accompagn\u00e9 pour les habitants d\u2019ARLEUX, \u00e0 l\u2019aller comme au retour &#8211; \u00e0 pr\u00e9ciser \u00e0 l\u2019inscription.<\/p>\n<p><a href=\"http:\/\/commune-loffre.fr\/wp-content\/uploads\/2016\/08\/Ateliers-Bien-Vivre-2016-ARLEUX.pdf\" target=\"_blank\">Voir le document<\/a><\/p>\n","protected":false},"excerpt":{"rendered":"<p>Avancer en \u00e2ge, sans incapacit\u00e9 et \u00e0 son domicile est le souhait de tout \u00e0 chacun. Des attitudes pr\u00e9ventives simples, des aides humaines ou techniques permettent de pr\u00e9venir les accidents&#8230; <a href=\"http:\/\/commune-loffre.fr\/index.php\/2016\/08\/15\/atelier-bien-vivre-arleux\/\">Read more &raquo;<\/a><\/p>\n","protected":false},"author":1,"featured_media":0,"comment_status":"closed","ping_status":"closed","sticky":false,"template":"","format":"standard","meta":{"footnotes":""},"categories":[8],"tags":[],"_links":{"self":[{"href":"http:\/\/commune-loffre.fr\/index.php\/wp-json\/wp\/v2\/posts\/956"}],"collection":[{"href":"http:\/\/commune-loffre.fr\/index.php\/wp-json\/wp\/v2\/posts"}],"about":[{"href":"http:\/\/commune-loffre.fr\/index.php\/wp-json\/wp\/v2\/types\/post"}],"author":[{"embeddable":true,"href":"http:\/\/commune-loffre.fr\/index.php\/wp-json\/wp\/v2\/users\/1"}],"replies":[{"embeddable":true,"href":"http:\/\/commune-loffre.fr\/index.php\/wp-json\/wp\/v2\/comments?post=956"}],"version-history":[{"count":3,"href":"http:\/\/commune-loffre.fr\/index.php\/wp-json\/wp\/v2\/posts\/956\/revisions"}],"predecessor-version":[{"id":960,"href":"http:\/\/commune-loffre.fr\/index.php\/wp-json\/wp\/v2\/posts\/956\/revisions\/960"}],"wp:attachment":[{"href":"http:\/\/commune-loffre.fr\/index.php\/wp-json\/wp\/v2\/media?parent=956"}],"wp:term":[{"taxonomy":"category","embeddable":true,"href":"http:\/\/commune-loffre.fr\/index.php\/wp-json\/wp\/v2\/categories?post=956"},{"taxonomy":"post_tag","embeddable":true,"href":"http:\/\/commune-loffre.fr\/index.php\/wp-json\/wp\/v2\/tags?post=956"}],"curies":[{"name":"wp","href":"https:\/\/api.w.org\/{rel}","templated":true}]}}