{"id":7403,"date":"2026-04-29T08:32:29","date_gmt":"2026-04-29T07:32:29","guid":{"rendered":"http:\/\/commune-loffre.fr\/?p=7403"},"modified":"2026-04-29T08:35:25","modified_gmt":"2026-04-29T07:35:25","slug":"le-vendredi-1er-mai-2026-la-circulation-et-le-stationnement-seront-interdits-de-5h00-a-14h00-dans-la-rue-saint-jean","status":"publish","type":"post","link":"http:\/\/commune-loffre.fr\/index.php\/2026\/04\/29\/le-vendredi-1er-mai-2026-la-circulation-et-le-stationnement-seront-interdits-de-5h00-a-14h00-dans-la-rue-saint-jean\/","title":{"rendered":"Le vendredi 1er mai 2026, la circulation et le stationnement seront interdits de 5h00 \u00e0 14h00 dans la rue Saint Jean"},"content":{"rendered":"\n<figure class=\"wp-block-image size-large\"><img loading=\"lazy\" decoding=\"async\" width=\"722\" height=\"1024\" src=\"http:\/\/commune-loffre.fr\/wp-content\/uploads\/2026\/04\/arrete-interdiction-de-stationner-et-circuler-rue-saint-jean-722x1024.jpg\" alt=\"\" class=\"wp-image-7404\" srcset=\"http:\/\/commune-loffre.fr\/wp-content\/uploads\/2026\/04\/arrete-interdiction-de-stationner-et-circuler-rue-saint-jean-722x1024.jpg 722w, http:\/\/commune-loffre.fr\/wp-content\/uploads\/2026\/04\/arrete-interdiction-de-stationner-et-circuler-rue-saint-jean-212x300.jpg 212w, http:\/\/commune-loffre.fr\/wp-content\/uploads\/2026\/04\/arrete-interdiction-de-stationner-et-circuler-rue-saint-jean-768x1089.jpg 768w, http:\/\/commune-loffre.fr\/wp-content\/uploads\/2026\/04\/arrete-interdiction-de-stationner-et-circuler-rue-saint-jean-1083x1536.jpg 1083w, http:\/\/commune-loffre.fr\/wp-content\/uploads\/2026\/04\/arrete-interdiction-de-stationner-et-circuler-rue-saint-jean-1444x2048.jpg 1444w, http:\/\/commune-loffre.fr\/wp-content\/uploads\/2026\/04\/arrete-interdiction-de-stationner-et-circuler-rue-saint-jean-624x885.jpg 624w, http:\/\/commune-loffre.fr\/wp-content\/uploads\/2026\/04\/arrete-interdiction-de-stationner-et-circuler-rue-saint-jean-scaled.jpg 1805w\" sizes=\"(max-width: 722px) 100vw, 722px\" \/><\/figure>\n\n\n\n<p>Article 1er :<br>Il convient, pour la s\u00e9curit\u00e9 et le bon d\u00e9roulement de la manifestation intitul\u00e9e Brocante, de<br>r\u00e9glementer la circulation et le stationnement comme suit :<br>Le vendredi 1er mai 2026, la circulation et le stationnement seront interdits de<br>5h00 \u00e0 14h00 dans la rue Saint Jean.<br>Article 2:<br>Pendant la dur\u00e9e de la brocante, la circulation et le stationnement sont interdits, ils pourront<br>s&rsquo;effectuer avec l&rsquo;autorisation des organisateurs.<br>Article 3:<br>La signalisation d&rsquo;interdiction sera mise en place et entretenue par et avec l&rsquo;organisateur afin<br>de rappeler ces prescriptions temporaires.<br>Article 4:<br>Un exemplaire du pr\u00e9sent arr\u00eat\u00e9 sera affich\u00e9 et publi\u00e9 sur le site de la commune de LOFFRE.<br>Article 5:<br>Le Maire de LOFFRE est charg\u00e9, de l&rsquo;application du pr\u00e9sent arr\u00eat\u00e9.<\/p>\n","protected":false},"excerpt":{"rendered":"<p>Article 1er :Il convient, pour la s\u00e9curit\u00e9 et le bon d\u00e9roulement de la manifestation intitul\u00e9e Brocante, der\u00e9glementer la circulation et le stationnement comme suit :Le vendredi 1er mai 2026, la&#8230; <a href=\"http:\/\/commune-loffre.fr\/index.php\/2026\/04\/29\/le-vendredi-1er-mai-2026-la-circulation-et-le-stationnement-seront-interdits-de-5h00-a-14h00-dans-la-rue-saint-jean\/\">Read more &raquo;<\/a><\/p>\n","protected":false},"author":1,"featured_media":0,"comment_status":"closed","ping_status":"closed","sticky":false,"template":"","format":"standard","meta":{"footnotes":""},"categories":[1],"tags":[],"_links":{"self":[{"href":"http:\/\/commune-loffre.fr\/index.php\/wp-json\/wp\/v2\/posts\/7403"}],"collection":[{"href":"http:\/\/commune-loffre.fr\/index.php\/wp-json\/wp\/v2\/posts"}],"about":[{"href":"http:\/\/commune-loffre.fr\/index.php\/wp-json\/wp\/v2\/types\/post"}],"author":[{"embeddable":true,"href":"http:\/\/commune-loffre.fr\/index.php\/wp-json\/wp\/v2\/users\/1"}],"replies":[{"embeddable":true,"href":"http:\/\/commune-loffre.fr\/index.php\/wp-json\/wp\/v2\/comments?post=7403"}],"version-history":[{"count":4,"href":"http:\/\/commune-loffre.fr\/index.php\/wp-json\/wp\/v2\/posts\/7403\/revisions"}],"predecessor-version":[{"id":7408,"href":"http:\/\/commune-loffre.fr\/index.php\/wp-json\/wp\/v2\/posts\/7403\/revisions\/7408"}],"wp:attachment":[{"href":"http:\/\/commune-loffre.fr\/index.php\/wp-json\/wp\/v2\/media?parent=7403"}],"wp:term":[{"taxonomy":"category","embeddable":true,"href":"http:\/\/commune-loffre.fr\/index.php\/wp-json\/wp\/v2\/categories?post=7403"},{"taxonomy":"post_tag","embeddable":true,"href":"http:\/\/commune-loffre.fr\/index.php\/wp-json\/wp\/v2\/tags?post=7403"}],"curies":[{"name":"wp","href":"https:\/\/api.w.org\/{rel}","templated":true}]}}