{"id":7392,"date":"2026-04-25T19:59:36","date_gmt":"2026-04-25T18:59:36","guid":{"rendered":"http:\/\/commune-loffre.fr\/?p=7392"},"modified":"2026-04-25T19:59:36","modified_gmt":"2026-04-25T18:59:36","slug":"decheterie-siege-et-pid-fermetures-exceptionnelles","status":"publish","type":"post","link":"http:\/\/commune-loffre.fr\/index.php\/2026\/04\/25\/decheterie-siege-et-pid-fermetures-exceptionnelles\/","title":{"rendered":"DECHETERIE, SIEGE et PID Fermetures exceptionnelles"},"content":{"rendered":"\n<p>En raison des jours f\u00e9ries, l&rsquo;ensemble des d\u00e9ch\u00e8teries sera ferm\u00e9<strong> le Vendredi 1er Mai, le Vendredi 08 Mai, le Jeudi 14 Mai et le Lundi 25 Mai.<\/strong><\/p>\n\n\n\n<p>Le si\u00e8ge et le Point Infos D\u00e9ch\u00e8teries du SIAVES seront ferm\u00e9s :<strong> le Vendredi 1er Mai, le Vendredi 08 Mai, le Jeudi 14 Mai, le Vendredi 15 Mai et le Lundi 25 Mai.<\/strong><\/p>\n\n\n\n<p>N&rsquo;h\u00e9sitez pas \u00e0 consulter le site internet du <a href=\"http:\/\/www.siaved.fr\" data-type=\"link\" data-id=\"www.siaved.fr\">SIAVED <\/a>pour plus d&rsquo;informations<\/p>\n\n\n\n<p>Merci de votre compr\u00e9hension. Cordialement la SIAVED (N\u00b0 Vert 0800 003 793)<\/p>\n","protected":false},"excerpt":{"rendered":"<p>En raison des jours f\u00e9ries, l&rsquo;ensemble des d\u00e9ch\u00e8teries sera ferm\u00e9 le Vendredi 1er Mai, le Vendredi 08 Mai, le Jeudi 14 Mai et le Lundi 25 Mai. Le si\u00e8ge et&#8230; <a href=\"http:\/\/commune-loffre.fr\/index.php\/2026\/04\/25\/decheterie-siege-et-pid-fermetures-exceptionnelles\/\">Read more &raquo;<\/a><\/p>\n","protected":false},"author":1,"featured_media":0,"comment_status":"closed","ping_status":"closed","sticky":false,"template":"","format":"standard","meta":{"footnotes":""},"categories":[1],"tags":[],"_links":{"self":[{"href":"http:\/\/commune-loffre.fr\/index.php\/wp-json\/wp\/v2\/posts\/7392"}],"collection":[{"href":"http:\/\/commune-loffre.fr\/index.php\/wp-json\/wp\/v2\/posts"}],"about":[{"href":"http:\/\/commune-loffre.fr\/index.php\/wp-json\/wp\/v2\/types\/post"}],"author":[{"embeddable":true,"href":"http:\/\/commune-loffre.fr\/index.php\/wp-json\/wp\/v2\/users\/1"}],"replies":[{"embeddable":true,"href":"http:\/\/commune-loffre.fr\/index.php\/wp-json\/wp\/v2\/comments?post=7392"}],"version-history":[{"count":1,"href":"http:\/\/commune-loffre.fr\/index.php\/wp-json\/wp\/v2\/posts\/7392\/revisions"}],"predecessor-version":[{"id":7393,"href":"http:\/\/commune-loffre.fr\/index.php\/wp-json\/wp\/v2\/posts\/7392\/revisions\/7393"}],"wp:attachment":[{"href":"http:\/\/commune-loffre.fr\/index.php\/wp-json\/wp\/v2\/media?parent=7392"}],"wp:term":[{"taxonomy":"category","embeddable":true,"href":"http:\/\/commune-loffre.fr\/index.php\/wp-json\/wp\/v2\/categories?post=7392"},{"taxonomy":"post_tag","embeddable":true,"href":"http:\/\/commune-loffre.fr\/index.php\/wp-json\/wp\/v2\/tags?post=7392"}],"curies":[{"name":"wp","href":"https:\/\/api.w.org\/{rel}","templated":true}]}}