{"id":7334,"date":"2025-03-27T11:26:06","date_gmt":"2025-03-27T10:26:06","guid":{"rendered":"http:\/\/commune-loffre.fr\/?p=7334"},"modified":"2025-03-27T11:26:06","modified_gmt":"2025-03-27T10:26:06","slug":"commemoration-4","status":"publish","type":"post","link":"http:\/\/commune-loffre.fr\/index.php\/2025\/03\/27\/commemoration-4\/","title":{"rendered":"Comm\u00e9moration"},"content":{"rendered":"\n<p>\ud83d\udd39\ufe0fLa comm\u00e9moration du 19 mars permet de rassembler et de rendre hommage \u00e0 toutes les victimes civiles ou militaires qui sont tomb\u00e9es durant la Guerre d\u2019Alg\u00e9rie et les combats au Maroc et en Tunisie, avant la conclusion du cessez-le-feu.<\/p>\n\n\n\n<p>\ud83d\udd39\ufe0fOrganis\u00e9e par la commune de Loffre et les anciens combattants, M. Fr\u00e9d\u00e9ric Viremouneix a rappel\u00e9 que cette comm\u00e9moration fait \u00e9cho avec tristesse \u00e0 une Histoire collective et douloureuse dont les m\u00e9moires diverses, doivent pouvoir s\u2019exprimer pour s\u2019additionner et non s\u2019opposer.<\/p>\n\n\n\n<figure class=\"wp-block-image size-large\"><img loading=\"lazy\" decoding=\"async\" width=\"522\" height=\"1024\" src=\"http:\/\/commune-loffre.fr\/wp-content\/uploads\/2025\/03\/20250319_171745-522x1024.jpg\" alt=\"\" class=\"wp-image-7335\" srcset=\"http:\/\/commune-loffre.fr\/wp-content\/uploads\/2025\/03\/20250319_171745-522x1024.jpg 522w, http:\/\/commune-loffre.fr\/wp-content\/uploads\/2025\/03\/20250319_171745-153x300.jpg 153w, http:\/\/commune-loffre.fr\/wp-content\/uploads\/2025\/03\/20250319_171745-768x1506.jpg 768w, http:\/\/commune-loffre.fr\/wp-content\/uploads\/2025\/03\/20250319_171745-783x1536.jpg 783w, http:\/\/commune-loffre.fr\/wp-content\/uploads\/2025\/03\/20250319_171745-1044x2048.jpg 1044w, http:\/\/commune-loffre.fr\/wp-content\/uploads\/2025\/03\/20250319_171745-624x1224.jpg 624w, http:\/\/commune-loffre.fr\/wp-content\/uploads\/2025\/03\/20250319_171745-scaled.jpg 1305w\" sizes=\"(max-width: 522px) 100vw, 522px\" \/><\/figure>\n","protected":false},"excerpt":{"rendered":"<p>\ud83d\udd39\ufe0fLa comm\u00e9moration du 19 mars permet de rassembler et de rendre hommage \u00e0 toutes les victimes civiles ou militaires qui sont tomb\u00e9es durant la Guerre d\u2019Alg\u00e9rie et les combats au&#8230; <a href=\"http:\/\/commune-loffre.fr\/index.php\/2025\/03\/27\/commemoration-4\/\">Read more &raquo;<\/a><\/p>\n","protected":false},"author":1,"featured_media":7335,"comment_status":"closed","ping_status":"closed","sticky":false,"template":"","format":"standard","meta":{"footnotes":""},"categories":[1],"tags":[],"_links":{"self":[{"href":"http:\/\/commune-loffre.fr\/index.php\/wp-json\/wp\/v2\/posts\/7334"}],"collection":[{"href":"http:\/\/commune-loffre.fr\/index.php\/wp-json\/wp\/v2\/posts"}],"about":[{"href":"http:\/\/commune-loffre.fr\/index.php\/wp-json\/wp\/v2\/types\/post"}],"author":[{"embeddable":true,"href":"http:\/\/commune-loffre.fr\/index.php\/wp-json\/wp\/v2\/users\/1"}],"replies":[{"embeddable":true,"href":"http:\/\/commune-loffre.fr\/index.php\/wp-json\/wp\/v2\/comments?post=7334"}],"version-history":[{"count":1,"href":"http:\/\/commune-loffre.fr\/index.php\/wp-json\/wp\/v2\/posts\/7334\/revisions"}],"predecessor-version":[{"id":7336,"href":"http:\/\/commune-loffre.fr\/index.php\/wp-json\/wp\/v2\/posts\/7334\/revisions\/7336"}],"wp:featuredmedia":[{"embeddable":true,"href":"http:\/\/commune-loffre.fr\/index.php\/wp-json\/wp\/v2\/media\/7335"}],"wp:attachment":[{"href":"http:\/\/commune-loffre.fr\/index.php\/wp-json\/wp\/v2\/media?parent=7334"}],"wp:term":[{"taxonomy":"category","embeddable":true,"href":"http:\/\/commune-loffre.fr\/index.php\/wp-json\/wp\/v2\/categories?post=7334"},{"taxonomy":"post_tag","embeddable":true,"href":"http:\/\/commune-loffre.fr\/index.php\/wp-json\/wp\/v2\/tags?post=7334"}],"curies":[{"name":"wp","href":"https:\/\/api.w.org\/{rel}","templated":true}]}}