{"id":7321,"date":"2025-03-06T08:29:04","date_gmt":"2025-03-06T07:29:04","guid":{"rendered":"http:\/\/commune-loffre.fr\/?p=7321"},"modified":"2025-03-06T08:31:24","modified_gmt":"2025-03-06T07:31:24","slug":"fermeture-du-reseau-telephonique-cuivre","status":"publish","type":"post","link":"http:\/\/commune-loffre.fr\/index.php\/2025\/03\/06\/fermeture-du-reseau-telephonique-cuivre\/","title":{"rendered":"Fermeture du r\u00e9seau t\u00e9l\u00e9phonique cuivr\u00e9"},"content":{"rendered":"\n<p>Le propri\u00e9taire du r\u00e9seau t\u00e9l\u00e9phonique historique, a annonc\u00e9 sa volont\u00e9 de fermer d\u00e9finitivement son r\u00e9seau sur notre commune.<br>Dans ce contexte et afin de pr\u00e9venir tout risque de coupure de services, je vous invite \u00e0 engager une d\u00e9marche aupr\u00e8s des fournisseurs de t\u00e9l\u00e9phonie fixe et\/ou d\u2019acc\u00e8s \u00e0 internet afin de basculer votre abonnement sur le nouveau r\u00e9seau en fibre optique d\u00e9ploy\u00e9 sur notre commune.<br>Ce r\u00e9seau de nouvelle g\u00e9n\u00e9ration r\u00e9pond aussi bien aux besoins des particuliers, des entreprises que des services publics de notre territoire.<br>Pour vous accompagner dans cette transition, et pour r\u00e9pondre \u00e0 toutes vos questions, nous organisons un forum \u00e0 votre intention avec les op\u00e9rateurs de t\u00e9l\u00e9phonie et d\u2019acc\u00e8s Internet.<br>Ce forum se tiendra le :<br><em><strong>Mercredi 11 Juin 2025 de 15h00 \u00e0 18h00<br>salle des sports d\u2019Anchin<br>56 Rue d\u2019Anchin<br>59146 PECQUENCOURT<\/strong><\/em><\/p>\n\n\n\n<p>Nous esp\u00e9rons vous accueillir nombreuses et nombreux \u00e0 cet \u00e9v\u00e9nement.<br>Je vous prie d\u2019agr\u00e9er, Madame, Monsieur, l\u2019expression de ma consid\u00e9ration distingu\u00e9e.<\/p>\n\n\n\n<div data-wp-interactive=\"\" class=\"wp-block-file\"><object data-wp-bind--hidden=\"!selectors.core.file.hasPdfPreview\" hidden class=\"wp-block-file__embed\" data=\"http:\/\/commune-loffre.fr\/wp-content\/uploads\/2025\/03\/Fermeture-Reseau-TEL.pdf\" type=\"application\/pdf\" style=\"width:100%;height:600px\" aria-label=\"Contenu embarqu\u00e9 Fermeture-Reseau-TEL.\"><\/object><a id=\"wp-block-file--media-936561fd-63a3-4027-876f-06bb18f6f816\" href=\"http:\/\/commune-loffre.fr\/wp-content\/uploads\/2025\/03\/Fermeture-Reseau-TEL.pdf\">Fermeture-Reseau-TEL<\/a><a href=\"http:\/\/commune-loffre.fr\/wp-content\/uploads\/2025\/03\/Fermeture-Reseau-TEL.pdf\" class=\"wp-block-file__button wp-element-button\" download aria-describedby=\"wp-block-file--media-936561fd-63a3-4027-876f-06bb18f6f816\">T\u00e9l\u00e9charger<\/a><\/div>\n","protected":false},"excerpt":{"rendered":"<p>Le propri\u00e9taire du r\u00e9seau t\u00e9l\u00e9phonique historique, a annonc\u00e9 sa volont\u00e9 de fermer d\u00e9finitivement son r\u00e9seau sur notre commune.Dans ce contexte et afin de pr\u00e9venir tout risque de coupure de services,&#8230; <a href=\"http:\/\/commune-loffre.fr\/index.php\/2025\/03\/06\/fermeture-du-reseau-telephonique-cuivre\/\">Read more &raquo;<\/a><\/p>\n","protected":false},"author":1,"featured_media":7324,"comment_status":"closed","ping_status":"closed","sticky":false,"template":"","format":"standard","meta":{"footnotes":""},"categories":[1],"tags":[],"_links":{"self":[{"href":"http:\/\/commune-loffre.fr\/index.php\/wp-json\/wp\/v2\/posts\/7321"}],"collection":[{"href":"http:\/\/commune-loffre.fr\/index.php\/wp-json\/wp\/v2\/posts"}],"about":[{"href":"http:\/\/commune-loffre.fr\/index.php\/wp-json\/wp\/v2\/types\/post"}],"author":[{"embeddable":true,"href":"http:\/\/commune-loffre.fr\/index.php\/wp-json\/wp\/v2\/users\/1"}],"replies":[{"embeddable":true,"href":"http:\/\/commune-loffre.fr\/index.php\/wp-json\/wp\/v2\/comments?post=7321"}],"version-history":[{"count":1,"href":"http:\/\/commune-loffre.fr\/index.php\/wp-json\/wp\/v2\/posts\/7321\/revisions"}],"predecessor-version":[{"id":7323,"href":"http:\/\/commune-loffre.fr\/index.php\/wp-json\/wp\/v2\/posts\/7321\/revisions\/7323"}],"wp:featuredmedia":[{"embeddable":true,"href":"http:\/\/commune-loffre.fr\/index.php\/wp-json\/wp\/v2\/media\/7324"}],"wp:attachment":[{"href":"http:\/\/commune-loffre.fr\/index.php\/wp-json\/wp\/v2\/media?parent=7321"}],"wp:term":[{"taxonomy":"category","embeddable":true,"href":"http:\/\/commune-loffre.fr\/index.php\/wp-json\/wp\/v2\/categories?post=7321"},{"taxonomy":"post_tag","embeddable":true,"href":"http:\/\/commune-loffre.fr\/index.php\/wp-json\/wp\/v2\/tags?post=7321"}],"curies":[{"name":"wp","href":"https:\/\/api.w.org\/{rel}","templated":true}]}}