{"id":7285,"date":"2024-12-15T12:55:34","date_gmt":"2024-12-15T11:55:34","guid":{"rendered":"http:\/\/commune-loffre.fr\/?p=7285"},"modified":"2024-12-15T12:55:34","modified_gmt":"2024-12-15T11:55:34","slug":"villes-et-villages-fleuris-2","status":"publish","type":"post","link":"http:\/\/commune-loffre.fr\/index.php\/2024\/12\/15\/villes-et-villages-fleuris-2\/","title":{"rendered":"Villes et Villages Fleuris"},"content":{"rendered":"\n<p><em>C&rsquo;est ce mercredi 11 d\u00e9cembre, lors de la c\u00e9r\u00e9monie de remise des prix 2024 des Villes et Villages Fleuris, organis\u00e9e au Colis\u00e9e de Lens, que la deuxi\u00e8me fleur a \u00e9t\u00e9 d\u00e9cern\u00e9e \u00e0 LOFFRE. Ce moment a \u00e9t\u00e9 l\u2019occasion de c\u00e9l\u00e9brer tous les efforts de notre commune qui met tout en \u0153uvre pour pr\u00e9server la nature, valoriser et am\u00e9liorer notre cadre de vie.<\/em><\/p>\n\n\n\n<p><em>La municipalit\u00e9 est tr\u00e8s fi\u00e8re de cette distinction qui rend hommage au remarquable travail d&rsquo;\u00e9quipe de la commune qui s&rsquo;engage pour rester une commune accueillante et respectueuse de l&rsquo;environnement.<\/em><\/p>\n\n\n\n<figure class=\"wp-block-gallery has-nested-images columns-default is-cropped wp-block-gallery-1 is-layout-flex wp-block-gallery-is-layout-flex\">\n<figure class=\"wp-block-image size-large\"><img loading=\"lazy\" decoding=\"async\" width=\"988\" height=\"988\" data-id=\"7287\" src=\"http:\/\/commune-loffre.fr\/wp-content\/uploads\/2024\/12\/2e-fleur.jpg\" alt=\"\" class=\"wp-image-7287\" srcset=\"http:\/\/commune-loffre.fr\/wp-content\/uploads\/2024\/12\/2e-fleur.jpg 988w, http:\/\/commune-loffre.fr\/wp-content\/uploads\/2024\/12\/2e-fleur-300x300.jpg 300w, http:\/\/commune-loffre.fr\/wp-content\/uploads\/2024\/12\/2e-fleur-150x150.jpg 150w, http:\/\/commune-loffre.fr\/wp-content\/uploads\/2024\/12\/2e-fleur-768x768.jpg 768w, http:\/\/commune-loffre.fr\/wp-content\/uploads\/2024\/12\/2e-fleur-624x624.jpg 624w, http:\/\/commune-loffre.fr\/wp-content\/uploads\/2024\/12\/2e-fleur-180x180.jpg 180w, http:\/\/commune-loffre.fr\/wp-content\/uploads\/2024\/12\/2e-fleur-60x60.jpg 60w\" sizes=\"(max-width: 988px) 100vw, 988px\" \/><\/figure>\n\n\n\n<figure class=\"wp-block-image size-large\"><img loading=\"lazy\" decoding=\"async\" width=\"1024\" height=\"792\" data-id=\"7286\" src=\"http:\/\/commune-loffre.fr\/wp-content\/uploads\/2024\/12\/470141149_580858527926467_1747269852619195573_n-1024x792.jpg\" alt=\"\" class=\"wp-image-7286\" srcset=\"http:\/\/commune-loffre.fr\/wp-content\/uploads\/2024\/12\/470141149_580858527926467_1747269852619195573_n-1024x792.jpg 1024w, http:\/\/commune-loffre.fr\/wp-content\/uploads\/2024\/12\/470141149_580858527926467_1747269852619195573_n-300x232.jpg 300w, http:\/\/commune-loffre.fr\/wp-content\/uploads\/2024\/12\/470141149_580858527926467_1747269852619195573_n-768x594.jpg 768w, http:\/\/commune-loffre.fr\/wp-content\/uploads\/2024\/12\/470141149_580858527926467_1747269852619195573_n-624x483.jpg 624w, http:\/\/commune-loffre.fr\/wp-content\/uploads\/2024\/12\/470141149_580858527926467_1747269852619195573_n.jpg 1065w\" sizes=\"(max-width: 1024px) 100vw, 1024px\" \/><\/figure>\n<\/figure>\n","protected":false},"excerpt":{"rendered":"<p>C&rsquo;est ce mercredi 11 d\u00e9cembre, lors de la c\u00e9r\u00e9monie de remise des prix 2024 des Villes et Villages Fleuris, organis\u00e9e au Colis\u00e9e de Lens, que la deuxi\u00e8me fleur a \u00e9t\u00e9&#8230; <a href=\"http:\/\/commune-loffre.fr\/index.php\/2024\/12\/15\/villes-et-villages-fleuris-2\/\">Read more &raquo;<\/a><\/p>\n","protected":false},"author":1,"featured_media":7287,"comment_status":"closed","ping_status":"closed","sticky":false,"template":"","format":"standard","meta":{"footnotes":""},"categories":[1],"tags":[],"_links":{"self":[{"href":"http:\/\/commune-loffre.fr\/index.php\/wp-json\/wp\/v2\/posts\/7285"}],"collection":[{"href":"http:\/\/commune-loffre.fr\/index.php\/wp-json\/wp\/v2\/posts"}],"about":[{"href":"http:\/\/commune-loffre.fr\/index.php\/wp-json\/wp\/v2\/types\/post"}],"author":[{"embeddable":true,"href":"http:\/\/commune-loffre.fr\/index.php\/wp-json\/wp\/v2\/users\/1"}],"replies":[{"embeddable":true,"href":"http:\/\/commune-loffre.fr\/index.php\/wp-json\/wp\/v2\/comments?post=7285"}],"version-history":[{"count":1,"href":"http:\/\/commune-loffre.fr\/index.php\/wp-json\/wp\/v2\/posts\/7285\/revisions"}],"predecessor-version":[{"id":7288,"href":"http:\/\/commune-loffre.fr\/index.php\/wp-json\/wp\/v2\/posts\/7285\/revisions\/7288"}],"wp:featuredmedia":[{"embeddable":true,"href":"http:\/\/commune-loffre.fr\/index.php\/wp-json\/wp\/v2\/media\/7287"}],"wp:attachment":[{"href":"http:\/\/commune-loffre.fr\/index.php\/wp-json\/wp\/v2\/media?parent=7285"}],"wp:term":[{"taxonomy":"category","embeddable":true,"href":"http:\/\/commune-loffre.fr\/index.php\/wp-json\/wp\/v2\/categories?post=7285"},{"taxonomy":"post_tag","embeddable":true,"href":"http:\/\/commune-loffre.fr\/index.php\/wp-json\/wp\/v2\/tags?post=7285"}],"curies":[{"name":"wp","href":"https:\/\/api.w.org\/{rel}","templated":true}]}}