{"id":727,"date":"2016-06-21T11:32:13","date_gmt":"2016-06-21T10:32:13","guid":{"rendered":"http:\/\/commune-loffre.fr\/?p=727"},"modified":"2016-06-21T11:32:13","modified_gmt":"2016-06-21T10:32:13","slug":"fete-des-peres","status":"publish","type":"post","link":"http:\/\/commune-loffre.fr\/index.php\/2016\/06\/21\/fete-des-peres\/","title":{"rendered":"F\u00eate des P\u00e8res"},"content":{"rendered":"<p>Comme chaque ann\u00e9e, la municipalit\u00e9 a r\u00e9uni au foyer rural, le Dimanche 19 Juin \u00e0 11 h 00, de nombreux papas de la commune pour \u00e9galement les mettre \u00e0 l\u2019honneur et leur offrir un petit cadeau. Un moment chaleureux appr\u00e9ci\u00e9 de tous.<\/p>\n\n\t\t<style type=\"text\/css\">\n\t\t\t#gallery-1 {\n\t\t\t\tmargin: auto;\n\t\t\t}\n\t\t\t#gallery-1 .gallery-item {\n\t\t\t\tfloat: left;\n\t\t\t\tmargin-top: 10px;\n\t\t\t\ttext-align: center;\n\t\t\t\twidth: 25%;\n\t\t\t}\n\t\t\t#gallery-1 img {\n\t\t\t\tborder: 2px solid #cfcfcf;\n\t\t\t}\n\t\t\t#gallery-1 .gallery-caption {\n\t\t\t\tmargin-left: 0;\n\t\t\t}\n\t\t\t\/* see gallery_shortcode() in wp-includes\/media.php *\/\n\t\t<\/style>\n\t\t<div id='gallery-1' class='gallery galleryid-727 gallery-columns-4 gallery-size-thumbnail'><dl class='gallery-item'>\n\t\t\t<dt class='gallery-icon landscape'>\n\t\t\t\t<a href='http:\/\/commune-loffre.fr\/index.php\/2016\/06\/21\/fete-des-peres\/olympus-digital-camera-98\/'><img loading=\"lazy\" decoding=\"async\" width=\"150\" height=\"150\" src=\"http:\/\/commune-loffre.fr\/wp-content\/uploads\/2016\/06\/f\u00eate-des-peres-2016-8-150x150.jpg\" class=\"attachment-thumbnail size-thumbnail\" alt=\"\" aria-describedby=\"gallery-1-736\" srcset=\"http:\/\/commune-loffre.fr\/wp-content\/uploads\/2016\/06\/f\u00eate-des-peres-2016-8-150x150.jpg 150w, http:\/\/commune-loffre.fr\/wp-content\/uploads\/2016\/06\/f\u00eate-des-peres-2016-8-180x180.jpg 180w, http:\/\/commune-loffre.fr\/wp-content\/uploads\/2016\/06\/f\u00eate-des-peres-2016-8-60x60.jpg 60w\" sizes=\"(max-width: 150px) 100vw, 150px\" \/><\/a>\n\t\t\t<\/dt>\n\t\t\t\t<dd class='wp-caption-text gallery-caption' id='gallery-1-736'>\n\t\t\t\tF\u00eates des P\u00e8res\n\t\t\t\t<\/dd><\/dl><dl class='gallery-item'>\n\t\t\t<dt class='gallery-icon landscape'>\n\t\t\t\t<a href='http:\/\/commune-loffre.fr\/index.php\/2016\/06\/21\/fete-des-peres\/olympus-digital-camera-97\/'><img loading=\"lazy\" decoding=\"async\" width=\"150\" height=\"150\" src=\"http:\/\/commune-loffre.fr\/wp-content\/uploads\/2016\/06\/f\u00eate-des-peres-2016-7-150x150.jpg\" class=\"attachment-thumbnail size-thumbnail\" alt=\"\" aria-describedby=\"gallery-1-735\" srcset=\"http:\/\/commune-loffre.fr\/wp-content\/uploads\/2016\/06\/f\u00eate-des-peres-2016-7-150x150.jpg 150w, http:\/\/commune-loffre.fr\/wp-content\/uploads\/2016\/06\/f\u00eate-des-peres-2016-7-180x180.jpg 180w, http:\/\/commune-loffre.fr\/wp-content\/uploads\/2016\/06\/f\u00eate-des-peres-2016-7-60x60.jpg 60w\" sizes=\"(max-width: 150px) 100vw, 150px\" \/><\/a>\n\t\t\t<\/dt>\n\t\t\t\t<dd class='wp-caption-text gallery-caption' id='gallery-1-735'>\n\t\t\t\tF\u00eates des P\u00e8res\n\t\t\t\t<\/dd><\/dl><dl class='gallery-item'>\n\t\t\t<dt class='gallery-icon landscape'>\n\t\t\t\t<a href='http:\/\/commune-loffre.fr\/index.php\/2016\/06\/21\/fete-des-peres\/olympus-digital-camera-95\/'><img loading=\"lazy\" decoding=\"async\" width=\"150\" height=\"150\" src=\"http:\/\/commune-loffre.fr\/wp-content\/uploads\/2016\/06\/f\u00eate-des-peres-2016-5-150x150.jpg\" class=\"attachment-thumbnail size-thumbnail\" alt=\"\" aria-describedby=\"gallery-1-733\" srcset=\"http:\/\/commune-loffre.fr\/wp-content\/uploads\/2016\/06\/f\u00eate-des-peres-2016-5-150x150.jpg 150w, http:\/\/commune-loffre.fr\/wp-content\/uploads\/2016\/06\/f\u00eate-des-peres-2016-5-180x180.jpg 180w, http:\/\/commune-loffre.fr\/wp-content\/uploads\/2016\/06\/f\u00eate-des-peres-2016-5-60x60.jpg 60w\" sizes=\"(max-width: 150px) 100vw, 150px\" \/><\/a>\n\t\t\t<\/dt>\n\t\t\t\t<dd class='wp-caption-text gallery-caption' id='gallery-1-733'>\n\t\t\t\tF\u00eates des P\u00e8res\n\t\t\t\t<\/dd><\/dl><dl class='gallery-item'>\n\t\t\t<dt class='gallery-icon landscape'>\n\t\t\t\t<a href='http:\/\/commune-loffre.fr\/index.php\/2016\/06\/21\/fete-des-peres\/olympus-digital-camera-96\/'><img loading=\"lazy\" decoding=\"async\" width=\"150\" height=\"150\" src=\"http:\/\/commune-loffre.fr\/wp-content\/uploads\/2016\/06\/f\u00eate-des-peres-2016-6-150x150.jpg\" class=\"attachment-thumbnail size-thumbnail\" alt=\"\" aria-describedby=\"gallery-1-734\" srcset=\"http:\/\/commune-loffre.fr\/wp-content\/uploads\/2016\/06\/f\u00eate-des-peres-2016-6-150x150.jpg 150w, http:\/\/commune-loffre.fr\/wp-content\/uploads\/2016\/06\/f\u00eate-des-peres-2016-6-180x180.jpg 180w, http:\/\/commune-loffre.fr\/wp-content\/uploads\/2016\/06\/f\u00eate-des-peres-2016-6-60x60.jpg 60w\" sizes=\"(max-width: 150px) 100vw, 150px\" \/><\/a>\n\t\t\t<\/dt>\n\t\t\t\t<dd class='wp-caption-text gallery-caption' id='gallery-1-734'>\n\t\t\t\tF\u00eates des P\u00e8res\n\t\t\t\t<\/dd><\/dl><br style=\"clear: both\" \/><dl class='gallery-item'>\n\t\t\t<dt class='gallery-icon landscape'>\n\t\t\t\t<a href='http:\/\/commune-loffre.fr\/index.php\/2016\/06\/21\/fete-des-peres\/olympus-digital-camera-94\/'><img loading=\"lazy\" decoding=\"async\" width=\"150\" height=\"150\" src=\"http:\/\/commune-loffre.fr\/wp-content\/uploads\/2016\/06\/f\u00eate-des-peres-2016-4-150x150.jpg\" class=\"attachment-thumbnail size-thumbnail\" alt=\"\" aria-describedby=\"gallery-1-732\" srcset=\"http:\/\/commune-loffre.fr\/wp-content\/uploads\/2016\/06\/f\u00eate-des-peres-2016-4-150x150.jpg 150w, http:\/\/commune-loffre.fr\/wp-content\/uploads\/2016\/06\/f\u00eate-des-peres-2016-4-180x180.jpg 180w, http:\/\/commune-loffre.fr\/wp-content\/uploads\/2016\/06\/f\u00eate-des-peres-2016-4-60x60.jpg 60w\" sizes=\"(max-width: 150px) 100vw, 150px\" \/><\/a>\n\t\t\t<\/dt>\n\t\t\t\t<dd class='wp-caption-text gallery-caption' id='gallery-1-732'>\n\t\t\t\tF\u00eates des P\u00e8res\n\t\t\t\t<\/dd><\/dl><dl class='gallery-item'>\n\t\t\t<dt class='gallery-icon landscape'>\n\t\t\t\t<a href='http:\/\/commune-loffre.fr\/index.php\/2016\/06\/21\/fete-des-peres\/olympus-digital-camera-93\/'><img loading=\"lazy\" decoding=\"async\" width=\"150\" height=\"150\" src=\"http:\/\/commune-loffre.fr\/wp-content\/uploads\/2016\/06\/f\u00eate-des-peres-2016-3-150x150.jpg\" class=\"attachment-thumbnail size-thumbnail\" alt=\"\" aria-describedby=\"gallery-1-731\" srcset=\"http:\/\/commune-loffre.fr\/wp-content\/uploads\/2016\/06\/f\u00eate-des-peres-2016-3-150x150.jpg 150w, http:\/\/commune-loffre.fr\/wp-content\/uploads\/2016\/06\/f\u00eate-des-peres-2016-3-180x180.jpg 180w, http:\/\/commune-loffre.fr\/wp-content\/uploads\/2016\/06\/f\u00eate-des-peres-2016-3-60x60.jpg 60w\" sizes=\"(max-width: 150px) 100vw, 150px\" \/><\/a>\n\t\t\t<\/dt>\n\t\t\t\t<dd class='wp-caption-text gallery-caption' id='gallery-1-731'>\n\t\t\t\tF\u00eates des P\u00e8res\n\t\t\t\t<\/dd><\/dl><dl class='gallery-item'>\n\t\t\t<dt class='gallery-icon landscape'>\n\t\t\t\t<a href='http:\/\/commune-loffre.fr\/index.php\/2016\/06\/21\/fete-des-peres\/olympus-digital-camera-92\/'><img loading=\"lazy\" decoding=\"async\" width=\"150\" height=\"150\" src=\"http:\/\/commune-loffre.fr\/wp-content\/uploads\/2016\/06\/f\u00eate-des-peres-2016-2-150x150.jpg\" class=\"attachment-thumbnail size-thumbnail\" alt=\"\" aria-describedby=\"gallery-1-730\" srcset=\"http:\/\/commune-loffre.fr\/wp-content\/uploads\/2016\/06\/f\u00eate-des-peres-2016-2-150x150.jpg 150w, http:\/\/commune-loffre.fr\/wp-content\/uploads\/2016\/06\/f\u00eate-des-peres-2016-2-180x180.jpg 180w, http:\/\/commune-loffre.fr\/wp-content\/uploads\/2016\/06\/f\u00eate-des-peres-2016-2-60x60.jpg 60w\" sizes=\"(max-width: 150px) 100vw, 150px\" \/><\/a>\n\t\t\t<\/dt>\n\t\t\t\t<dd class='wp-caption-text gallery-caption' id='gallery-1-730'>\n\t\t\t\tF\u00eates des P\u00e8res\n\t\t\t\t<\/dd><\/dl><dl class='gallery-item'>\n\t\t\t<dt class='gallery-icon landscape'>\n\t\t\t\t<a href='http:\/\/commune-loffre.fr\/index.php\/2016\/06\/21\/fete-des-peres\/olympus-digital-camera-91\/'><img loading=\"lazy\" decoding=\"async\" width=\"150\" height=\"150\" src=\"http:\/\/commune-loffre.fr\/wp-content\/uploads\/2016\/06\/f\u00eate-des-peres-2016-1-150x150.jpg\" class=\"attachment-thumbnail size-thumbnail\" alt=\"\" aria-describedby=\"gallery-1-729\" srcset=\"http:\/\/commune-loffre.fr\/wp-content\/uploads\/2016\/06\/f\u00eate-des-peres-2016-1-150x150.jpg 150w, http:\/\/commune-loffre.fr\/wp-content\/uploads\/2016\/06\/f\u00eate-des-peres-2016-1-180x180.jpg 180w, http:\/\/commune-loffre.fr\/wp-content\/uploads\/2016\/06\/f\u00eate-des-peres-2016-1-60x60.jpg 60w\" sizes=\"(max-width: 150px) 100vw, 150px\" \/><\/a>\n\t\t\t<\/dt>\n\t\t\t\t<dd class='wp-caption-text gallery-caption' id='gallery-1-729'>\n\t\t\t\tF\u00eates des P\u00e8res\n\t\t\t\t<\/dd><\/dl><br style=\"clear: both\" \/>\n\t\t<\/div>\n\n","protected":false},"excerpt":{"rendered":"<p>Comme chaque ann\u00e9e, la municipalit\u00e9 a r\u00e9uni au foyer rural, le Dimanche 19 Juin \u00e0 11 h 00, de nombreux papas de la commune pour \u00e9galement les mettre \u00e0 l\u2019honneur&#8230; <a href=\"http:\/\/commune-loffre.fr\/index.php\/2016\/06\/21\/fete-des-peres\/\">Read more &raquo;<\/a><\/p>\n","protected":false},"author":1,"featured_media":0,"comment_status":"closed","ping_status":"closed","sticky":false,"template":"","format":"standard","meta":{"footnotes":""},"categories":[10],"tags":[],"_links":{"self":[{"href":"http:\/\/commune-loffre.fr\/index.php\/wp-json\/wp\/v2\/posts\/727"}],"collection":[{"href":"http:\/\/commune-loffre.fr\/index.php\/wp-json\/wp\/v2\/posts"}],"about":[{"href":"http:\/\/commune-loffre.fr\/index.php\/wp-json\/wp\/v2\/types\/post"}],"author":[{"embeddable":true,"href":"http:\/\/commune-loffre.fr\/index.php\/wp-json\/wp\/v2\/users\/1"}],"replies":[{"embeddable":true,"href":"http:\/\/commune-loffre.fr\/index.php\/wp-json\/wp\/v2\/comments?post=727"}],"version-history":[{"count":2,"href":"http:\/\/commune-loffre.fr\/index.php\/wp-json\/wp\/v2\/posts\/727\/revisions"}],"predecessor-version":[{"id":737,"href":"http:\/\/commune-loffre.fr\/index.php\/wp-json\/wp\/v2\/posts\/727\/revisions\/737"}],"wp:attachment":[{"href":"http:\/\/commune-loffre.fr\/index.php\/wp-json\/wp\/v2\/media?parent=727"}],"wp:term":[{"taxonomy":"category","embeddable":true,"href":"http:\/\/commune-loffre.fr\/index.php\/wp-json\/wp\/v2\/categories?post=727"},{"taxonomy":"post_tag","embeddable":true,"href":"http:\/\/commune-loffre.fr\/index.php\/wp-json\/wp\/v2\/tags?post=727"}],"curies":[{"name":"wp","href":"https:\/\/api.w.org\/{rel}","templated":true}]}}