{"id":7265,"date":"2024-11-12T20:02:41","date_gmt":"2024-11-12T19:02:41","guid":{"rendered":"http:\/\/commune-loffre.fr\/?p=7265"},"modified":"2024-11-12T20:05:23","modified_gmt":"2024-11-12T19:05:23","slug":"commemoration-du-11-novembre","status":"publish","type":"post","link":"http:\/\/commune-loffre.fr\/index.php\/2024\/11\/12\/commemoration-du-11-novembre\/","title":{"rendered":"Comm\u00e9moration du 11 Novembre"},"content":{"rendered":"\n<p>Aujourd&rsquo;hui, en ce jour du 11 novembre, les Anciens Combattants, les \u00e9lus, le CME, les \u00e9l\u00e8ves de l&rsquo;\u00e9cole Henri Matisse et de tr\u00e8s nombreux loffriens se sont r\u00e9unis pour honorer la m\u00e9moire de ceux qui ont brav\u00e9 l&rsquo;inconnu et sacrifi\u00e9 leur vie pour d\u00e9fendre notre libert\u00e9. Chaque ann\u00e9e, cette date nous rappelle les horreurs de la guerre, mais aussi la r\u00e9silience et le courage de ceux qui ont combattu pour un avenir meilleur.<\/p>\n\n\n\n<p>C&rsquo;est toujours un temps fort et un moment interg\u00e9n\u00e9rationnel qui nous permet de nous recueillir et d&rsquo;honorer les soldats tomb\u00e9s au champ d&rsquo;honneur, mais aussi les g\u00e9n\u00e9rations qui ont \u00e9t\u00e9 touch\u00e9es par la guerre. Nous nous souvenons de toutes les victimes, militaires et civiles, et de la douleur que la guerre inflige \u00e0 tant de vies.<\/p>\n\n\n\n<ul>\n<li>Merci aux \u00e9l\u00e8ves de l&rsquo;\u00e9cole, \u00e0 Mme Boucher pour leur tr\u00e8s belle interpr\u00e9tation des chants.<\/li>\n<\/ul>\n\n\n\n<ul>\n<li>Merci \u00e0 Laurent et Tom Mielkarek, qui ont accompagn\u00e9 la c\u00e9r\u00e9monie en musique.<\/li>\n<\/ul>\n\n\n\n<p><strong>Ce 11 novembre est aussi l&rsquo;occasion de remettre les dipl\u00f4mes du travail. <\/strong><\/p>\n\n\n\n<ul>\n<li>Mme Plaisant a re\u00e7u des mains de Monsieur Eric Gouy le dipl\u00f4me correspondant \u00e0 l&rsquo;\u00e9chelon Argent pour 20 ann\u00e9es de travail en tant qu&rsquo;Aide Soignante \u00e0 l&rsquo;UGECAM Hauts de France \u00e0 Vendin le Vieil.<\/li>\n<\/ul>\n\n\n\n<ul>\n<li>M. Patrick LUCZAK a re\u00e7u le dipl\u00f4me \u00e9chelon or pour 35 ans de travail en tant que technicien chez ALSTHOM CREPIN SAS.<\/li>\n<\/ul>\n\n\n\n<p><strong>Toutes nos f\u00e9licitations \u00e0 Ren\u00e9e et Patrick.<\/strong><\/p>\n\n\n\n<ul>\n<li>M. Sobkowiak a remis \u00e0 Melle Elodie Coquart une m\u00e9daille pour la r\u00e9compenser de son investissement sans faille au sein de l&rsquo;association des Anciens Combattants.<\/li>\n<\/ul>\n\n\n\n<ul>\n<li>A l&rsquo;issue de la c\u00e9r\u00e9monie, la municipalit\u00e9 a offert le verre de l&rsquo;amiti\u00e9 et de la paix accompagn\u00e9 de sandwichs<\/li>\n<\/ul>\n\n\n\n<figure class=\"wp-block-gallery has-nested-images columns-default is-cropped wp-block-gallery-1 is-layout-flex wp-block-gallery-is-layout-flex\">\n<figure class=\"wp-block-image size-large\"><img loading=\"lazy\" decoding=\"async\" width=\"1024\" height=\"473\" data-id=\"7267\" src=\"http:\/\/commune-loffre.fr\/wp-content\/uploads\/2024\/11\/Patrick-remise-diplome-travail-1024x473.jpg\" alt=\"\" class=\"wp-image-7267\" srcset=\"http:\/\/commune-loffre.fr\/wp-content\/uploads\/2024\/11\/Patrick-remise-diplome-travail-1024x473.jpg 1024w, http:\/\/commune-loffre.fr\/wp-content\/uploads\/2024\/11\/Patrick-remise-diplome-travail-300x139.jpg 300w, http:\/\/commune-loffre.fr\/wp-content\/uploads\/2024\/11\/Patrick-remise-diplome-travail-768x355.jpg 768w, http:\/\/commune-loffre.fr\/wp-content\/uploads\/2024\/11\/Patrick-remise-diplome-travail-1536x710.jpg 1536w, http:\/\/commune-loffre.fr\/wp-content\/uploads\/2024\/11\/Patrick-remise-diplome-travail-624x288.jpg 624w, http:\/\/commune-loffre.fr\/wp-content\/uploads\/2024\/11\/Patrick-remise-diplome-travail.jpg 2048w\" sizes=\"(max-width: 1024px) 100vw, 1024px\" \/><\/figure>\n\n\n\n<figure class=\"wp-block-image size-large\"><img loading=\"lazy\" decoding=\"async\" width=\"1024\" height=\"473\" data-id=\"7266\" src=\"http:\/\/commune-loffre.fr\/wp-content\/uploads\/2024\/11\/renee-remise-diplome-travail-1024x473.jpg\" alt=\"\" class=\"wp-image-7266\" srcset=\"http:\/\/commune-loffre.fr\/wp-content\/uploads\/2024\/11\/renee-remise-diplome-travail-1024x473.jpg 1024w, http:\/\/commune-loffre.fr\/wp-content\/uploads\/2024\/11\/renee-remise-diplome-travail-300x139.jpg 300w, http:\/\/commune-loffre.fr\/wp-content\/uploads\/2024\/11\/renee-remise-diplome-travail-768x355.jpg 768w, http:\/\/commune-loffre.fr\/wp-content\/uploads\/2024\/11\/renee-remise-diplome-travail-1536x710.jpg 1536w, http:\/\/commune-loffre.fr\/wp-content\/uploads\/2024\/11\/renee-remise-diplome-travail-624x288.jpg 624w, http:\/\/commune-loffre.fr\/wp-content\/uploads\/2024\/11\/renee-remise-diplome-travail.jpg 2048w\" sizes=\"(max-width: 1024px) 100vw, 1024px\" \/><\/figure>\n\n\n\n<figure class=\"wp-block-image size-large\"><img loading=\"lazy\" decoding=\"async\" width=\"1024\" height=\"768\" data-id=\"7268\" src=\"http:\/\/commune-loffre.fr\/wp-content\/uploads\/2024\/11\/11-NOV-1024x768.jpg\" alt=\"\" class=\"wp-image-7268\" srcset=\"http:\/\/commune-loffre.fr\/wp-content\/uploads\/2024\/11\/11-NOV-1024x768.jpg 1024w, http:\/\/commune-loffre.fr\/wp-content\/uploads\/2024\/11\/11-NOV-300x225.jpg 300w, http:\/\/commune-loffre.fr\/wp-content\/uploads\/2024\/11\/11-NOV-768x576.jpg 768w, http:\/\/commune-loffre.fr\/wp-content\/uploads\/2024\/11\/11-NOV-1536x1152.jpg 1536w, http:\/\/commune-loffre.fr\/wp-content\/uploads\/2024\/11\/11-NOV-624x468.jpg 624w, http:\/\/commune-loffre.fr\/wp-content\/uploads\/2024\/11\/11-NOV-240x180.jpg 240w, http:\/\/commune-loffre.fr\/wp-content\/uploads\/2024\/11\/11-NOV.jpg 1600w\" sizes=\"(max-width: 1024px) 100vw, 1024px\" \/><\/figure>\n<\/figure>\n","protected":false},"excerpt":{"rendered":"<p>Aujourd&rsquo;hui, en ce jour du 11 novembre, les Anciens Combattants, les \u00e9lus, le CME, les \u00e9l\u00e8ves de l&rsquo;\u00e9cole Henri Matisse et de tr\u00e8s nombreux loffriens se sont r\u00e9unis pour honorer&#8230; <a href=\"http:\/\/commune-loffre.fr\/index.php\/2024\/11\/12\/commemoration-du-11-novembre\/\">Read more &raquo;<\/a><\/p>\n","protected":false},"author":1,"featured_media":7268,"comment_status":"closed","ping_status":"closed","sticky":false,"template":"","format":"standard","meta":{"footnotes":""},"categories":[1],"tags":[],"_links":{"self":[{"href":"http:\/\/commune-loffre.fr\/index.php\/wp-json\/wp\/v2\/posts\/7265"}],"collection":[{"href":"http:\/\/commune-loffre.fr\/index.php\/wp-json\/wp\/v2\/posts"}],"about":[{"href":"http:\/\/commune-loffre.fr\/index.php\/wp-json\/wp\/v2\/types\/post"}],"author":[{"embeddable":true,"href":"http:\/\/commune-loffre.fr\/index.php\/wp-json\/wp\/v2\/users\/1"}],"replies":[{"embeddable":true,"href":"http:\/\/commune-loffre.fr\/index.php\/wp-json\/wp\/v2\/comments?post=7265"}],"version-history":[{"count":3,"href":"http:\/\/commune-loffre.fr\/index.php\/wp-json\/wp\/v2\/posts\/7265\/revisions"}],"predecessor-version":[{"id":7271,"href":"http:\/\/commune-loffre.fr\/index.php\/wp-json\/wp\/v2\/posts\/7265\/revisions\/7271"}],"wp:featuredmedia":[{"embeddable":true,"href":"http:\/\/commune-loffre.fr\/index.php\/wp-json\/wp\/v2\/media\/7268"}],"wp:attachment":[{"href":"http:\/\/commune-loffre.fr\/index.php\/wp-json\/wp\/v2\/media?parent=7265"}],"wp:term":[{"taxonomy":"category","embeddable":true,"href":"http:\/\/commune-loffre.fr\/index.php\/wp-json\/wp\/v2\/categories?post=7265"},{"taxonomy":"post_tag","embeddable":true,"href":"http:\/\/commune-loffre.fr\/index.php\/wp-json\/wp\/v2\/tags?post=7265"}],"curies":[{"name":"wp","href":"https:\/\/api.w.org\/{rel}","templated":true}]}}