{"id":7235,"date":"2024-09-05T18:03:12","date_gmt":"2024-09-05T17:03:12","guid":{"rendered":"http:\/\/commune-loffre.fr\/?p=7235"},"modified":"2024-09-05T18:03:12","modified_gmt":"2024-09-05T17:03:12","slug":"grande-enquete-mobilite-du-douaisis-2","status":"publish","type":"post","link":"http:\/\/commune-loffre.fr\/index.php\/2024\/09\/05\/grande-enquete-mobilite-du-douaisis-2\/","title":{"rendered":"Grande Enqu\u00eate Mobilit\u00e9 du Douaisis"},"content":{"rendered":"\n<p class=\"has-text-align-left\">\u00c0 compter d\u2019<strong>octobre 2024 et jusqu\u2019\u00e0 f\u00e9vrier 2025<\/strong>, une grande enqu\u00eate mobilit\u00e9 sera r\u00e9alis\u00e9e par le SMTD aupr\u00e8s d\u2019un \u00e9chantillon d\u2019habitants du Douaisis.<br><strong>Pourquoi une grande enqu\u00eate mobilit\u00e9 du Douaisis ?<br><\/strong>Cette enqu\u00eate est men\u00e9e pour recueillir vos habitudes de d\u00e9placements afin d\u2019adapter et faire \u00e9voluer nos services de mobilit\u00e9.<br><strong>Qui est concern\u00e9 par l\u2019enqu\u00eate ?<br><\/strong>La grande enqu\u00eate mobilit\u00e9 du Douaisis est r\u00e9alis\u00e9e aupr\u00e8s d\u2019un \u00e9chantillon (tir\u00e9 au sort) d\u2019habitants du territoire : 5 640 personnes seront ainsi interrog\u00e9es.<br><strong>Comment se passe l\u2019enqu\u00eate ?<br><\/strong>Pour collecter les donn\u00e9es, les habitants sont interrog\u00e9s en face \u00e0 face \u00e0 leur domicile et par t\u00e9l\u00e9phone par le bureau d\u2019\u00e9tudes IPSOS, missionn\u00e9 par le SMTD.<br><strong>Quand se d\u00e9roule l\u2018enqu\u00eate ?<br><\/strong>La grande enqu\u00eate mobilit\u00e9 du Douaisis se d\u00e9roule d\u2019octobre 2024 \u00e0 f\u00e9vrier 2025 pour une dur\u00e9e totale de 14 semaines d\u2019enqu\u00eate.<br>Votre participation \u00e0 cette enqu\u00eate est essentielle pour d\u00e9velopper notre offre de Mobilit\u00e9 sur l\u2019ensemble du territoire et conna\u00eetre vos besoins.<br>On compte sur vous !<br>MERCI<br>Plus d\u2019informations :<br><a href=\"https:\/\/l.facebook.com\/l.php?u=http%3A%2F%2Fwww.enquete-mobilite-douaisis.fr%2F%3Ffbclid%3DIwZXh0bgNhZW0CMTAAAR1HVfIWgyrwYqLYM4S2h-VoLX23XTLC7awSlNFL079lTgGrDKpn95vd2gM_aem_3_Cyd3xmdWr-HXyq_G7a8A&amp;h=AT1Lne-HAHNO3aWNn4668n70QaVnRFEl9UrB-Nx0_1GKjpz0s8slQNXg9P3pkSZzpzKf_zIqq5lXPk1sF0-a8jQMO4WQtxHF8MJU4yMUI0dfwWaQaVGYXD-P97OCwzN-65q0&amp;__tn__=-UK-R&amp;c%5b0%5d=AT1Z7xaYMUyIAPLQdxODZzYsGwPNFZTGr-UyMdmnRU5SmzJm3286uEkvP066uaHf7C1EScNpUIZUgI9qYXACc0f5ZGADlCdBOfWMvu4aOhHr9TfnfLYuSO6EINhl_v8m0hkIwobnUXf0CcpGP0YstSZzeVPqU6j1XcO1JQ8LymlXPkdHBoa4v8WhE6mAbJJz1RCpo4I-ooZk3xI-U-nBcxWp_La4RahW3zqP\" target=\"_blank\" rel=\"noreferrer noopener\">www.enquete-mobilite-douaisis.fr<\/a><\/p>\n\n\n\n<p><a href=\"mailto:contact@enquete-mobilite-douaisis.fr\" target=\"_blank\" rel=\"noreferrer noopener\">contact@enquete-mobilite-douaisis.fr<\/a><\/p>\n","protected":false},"excerpt":{"rendered":"<p>\u00c0 compter d\u2019octobre 2024 et jusqu\u2019\u00e0 f\u00e9vrier 2025, une grande enqu\u00eate mobilit\u00e9 sera r\u00e9alis\u00e9e par le SMTD aupr\u00e8s d\u2019un \u00e9chantillon d\u2019habitants du Douaisis.Pourquoi une grande enqu\u00eate mobilit\u00e9 du Douaisis ?Cette&#8230; <a href=\"http:\/\/commune-loffre.fr\/index.php\/2024\/09\/05\/grande-enquete-mobilite-du-douaisis-2\/\">Read more &raquo;<\/a><\/p>\n","protected":false},"author":1,"featured_media":7236,"comment_status":"closed","ping_status":"closed","sticky":false,"template":"","format":"standard","meta":{"footnotes":""},"categories":[1],"tags":[],"_links":{"self":[{"href":"http:\/\/commune-loffre.fr\/index.php\/wp-json\/wp\/v2\/posts\/7235"}],"collection":[{"href":"http:\/\/commune-loffre.fr\/index.php\/wp-json\/wp\/v2\/posts"}],"about":[{"href":"http:\/\/commune-loffre.fr\/index.php\/wp-json\/wp\/v2\/types\/post"}],"author":[{"embeddable":true,"href":"http:\/\/commune-loffre.fr\/index.php\/wp-json\/wp\/v2\/users\/1"}],"replies":[{"embeddable":true,"href":"http:\/\/commune-loffre.fr\/index.php\/wp-json\/wp\/v2\/comments?post=7235"}],"version-history":[{"count":1,"href":"http:\/\/commune-loffre.fr\/index.php\/wp-json\/wp\/v2\/posts\/7235\/revisions"}],"predecessor-version":[{"id":7237,"href":"http:\/\/commune-loffre.fr\/index.php\/wp-json\/wp\/v2\/posts\/7235\/revisions\/7237"}],"wp:featuredmedia":[{"embeddable":true,"href":"http:\/\/commune-loffre.fr\/index.php\/wp-json\/wp\/v2\/media\/7236"}],"wp:attachment":[{"href":"http:\/\/commune-loffre.fr\/index.php\/wp-json\/wp\/v2\/media?parent=7235"}],"wp:term":[{"taxonomy":"category","embeddable":true,"href":"http:\/\/commune-loffre.fr\/index.php\/wp-json\/wp\/v2\/categories?post=7235"},{"taxonomy":"post_tag","embeddable":true,"href":"http:\/\/commune-loffre.fr\/index.php\/wp-json\/wp\/v2\/tags?post=7235"}],"curies":[{"name":"wp","href":"https:\/\/api.w.org\/{rel}","templated":true}]}}