{"id":7214,"date":"2024-07-04T17:42:39","date_gmt":"2024-07-04T16:42:39","guid":{"rendered":"http:\/\/commune-loffre.fr\/?p=7214"},"modified":"2024-07-04T17:42:39","modified_gmt":"2024-07-04T16:42:39","slug":"grande-enquete-mobilite-du-douaisis","status":"publish","type":"post","link":"http:\/\/commune-loffre.fr\/index.php\/2024\/07\/04\/grande-enquete-mobilite-du-douaisis\/","title":{"rendered":"Grande Enqu\u00eate Mobilit\u00e9 du Douaisis"},"content":{"rendered":"\n<p>\u00c0 compter d\u2019octobre 2024 et jusqu\u2019\u00e0 f\u00e9vrier 2025, une grande enqu\u00eate mobilit\u00e9 sera r\u00e9alis\u00e9e par le SMTD aupr\u00e8s d\u2019un \u00e9chantillon d\u2019habitants du Douaisis.<\/p>\n\n\n\n<ul>\n<li><strong>Pourquoi une grande enqu\u00eate mobilit\u00e9 du Douaisis ?<\/strong><br>Cette enqu\u00eate est men\u00e9e pour recueillir vos habitudes de d\u00e9placements afin d\u2019adapter et faire \u00e9voluer nos services de mobilit\u00e9.<\/li>\n\n\n\n<li><strong>Qui est concern\u00e9 par l\u2019enqu\u00eate ?<\/strong><br>La grande enqu\u00eate mobilit\u00e9 du Douaisis est r\u00e9alis\u00e9e aupr\u00e8s d\u2019un \u00e9chantillon (tir\u00e9 au sort) d\u2019habitants du territoire. 5 640 personnes seront ainsi interrog\u00e9es.<\/li>\n\n\n\n<li><strong>Comment se passe l\u2019enqu\u00eate ?<\/strong><br>Pour collecter les donn\u00e9es, les habitants sont interrog\u00e9s en face \u00e0 face \u00e0 leur domicile et par t\u00e9l\u00e9phone par le bureau d\u2019\u00e9tudes IPSOS, missionn\u00e9 par le SMTD.<\/li>\n\n\n\n<li><strong>Quand se d\u00e9roule l\u2018enqu\u00eate ?<\/strong><br>La grande enqu\u00eate mobilit\u00e9 du Douaisis se d\u00e9roule d\u2019octobre 2024 \u00e0 f\u00e9vrier 2025 pour une dur\u00e9e totale de 14 semaines d\u2019enqu\u00eate.<\/li>\n<\/ul>\n\n\n\n<p>Votre participation est essentielle pour d\u00e9velopper notre r\u00e9seau et connaitre vos besoins.<br>On compte sur vous !<br>MERCI<\/p>\n\n\n\n<p><strong>Plus d\u2019informations :<\/strong><\/p>\n\n\n\n<p><a href=\"mailto:enquete-mobilite-douaisis@ipsos-direct.fr\" target=\"_blank\" rel=\"noreferrer noopener\">enquete-mobilite-douaisis@ipsos-direct.fr<\/a><\/p>\n\n\n\n<p>03.27.99.19.99<\/p>\n","protected":false},"excerpt":{"rendered":"<p>\u00c0 compter d\u2019octobre 2024 et jusqu\u2019\u00e0 f\u00e9vrier 2025, une grande enqu\u00eate mobilit\u00e9 sera r\u00e9alis\u00e9e par le SMTD aupr\u00e8s d\u2019un \u00e9chantillon d\u2019habitants du Douaisis. Votre participation est essentielle pour d\u00e9velopper notre&#8230; <a href=\"http:\/\/commune-loffre.fr\/index.php\/2024\/07\/04\/grande-enquete-mobilite-du-douaisis\/\">Read more &raquo;<\/a><\/p>\n","protected":false},"author":1,"featured_media":7215,"comment_status":"closed","ping_status":"closed","sticky":false,"template":"","format":"standard","meta":{"footnotes":""},"categories":[1],"tags":[],"_links":{"self":[{"href":"http:\/\/commune-loffre.fr\/index.php\/wp-json\/wp\/v2\/posts\/7214"}],"collection":[{"href":"http:\/\/commune-loffre.fr\/index.php\/wp-json\/wp\/v2\/posts"}],"about":[{"href":"http:\/\/commune-loffre.fr\/index.php\/wp-json\/wp\/v2\/types\/post"}],"author":[{"embeddable":true,"href":"http:\/\/commune-loffre.fr\/index.php\/wp-json\/wp\/v2\/users\/1"}],"replies":[{"embeddable":true,"href":"http:\/\/commune-loffre.fr\/index.php\/wp-json\/wp\/v2\/comments?post=7214"}],"version-history":[{"count":1,"href":"http:\/\/commune-loffre.fr\/index.php\/wp-json\/wp\/v2\/posts\/7214\/revisions"}],"predecessor-version":[{"id":7216,"href":"http:\/\/commune-loffre.fr\/index.php\/wp-json\/wp\/v2\/posts\/7214\/revisions\/7216"}],"wp:featuredmedia":[{"embeddable":true,"href":"http:\/\/commune-loffre.fr\/index.php\/wp-json\/wp\/v2\/media\/7215"}],"wp:attachment":[{"href":"http:\/\/commune-loffre.fr\/index.php\/wp-json\/wp\/v2\/media?parent=7214"}],"wp:term":[{"taxonomy":"category","embeddable":true,"href":"http:\/\/commune-loffre.fr\/index.php\/wp-json\/wp\/v2\/categories?post=7214"},{"taxonomy":"post_tag","embeddable":true,"href":"http:\/\/commune-loffre.fr\/index.php\/wp-json\/wp\/v2\/tags?post=7214"}],"curies":[{"name":"wp","href":"https:\/\/api.w.org\/{rel}","templated":true}]}}