{"id":716,"date":"2016-06-21T11:27:14","date_gmt":"2016-06-21T10:27:14","guid":{"rendered":"http:\/\/commune-loffre.fr\/?p=716"},"modified":"2016-06-21T11:27:14","modified_gmt":"2016-06-21T10:27:14","slug":"commemoration-de-lappel-du-18-juin","status":"publish","type":"post","link":"http:\/\/commune-loffre.fr\/index.php\/2016\/06\/21\/commemoration-de-lappel-du-18-juin\/","title":{"rendered":"Comm\u00e9moration de l\u2019appel du 18 Juin"},"content":{"rendered":"<p>Le Samedi 18 Juin 2016 \u00e0 11 heures, Monsieur le Maire, le conseil municipal et les Anciens Combattants de Loffre se sont r\u00e9unis au monument aux Morts afin de comm\u00e9morer le soixante-seizi\u00e8me anniversaire de l\u2019appel du G\u00e9n\u00e9ral de Gaulle.<\/p>\n\n\t\t<style type=\"text\/css\">\n\t\t\t#gallery-1 {\n\t\t\t\tmargin: auto;\n\t\t\t}\n\t\t\t#gallery-1 .gallery-item {\n\t\t\t\tfloat: left;\n\t\t\t\tmargin-top: 10px;\n\t\t\t\ttext-align: center;\n\t\t\t\twidth: 20%;\n\t\t\t}\n\t\t\t#gallery-1 img {\n\t\t\t\tborder: 2px solid #cfcfcf;\n\t\t\t}\n\t\t\t#gallery-1 .gallery-caption {\n\t\t\t\tmargin-left: 0;\n\t\t\t}\n\t\t\t\/* see gallery_shortcode() in wp-includes\/media.php *\/\n\t\t<\/style>\n\t\t<div id='gallery-1' class='gallery galleryid-716 gallery-columns-5 gallery-size-thumbnail'><dl class='gallery-item'>\n\t\t\t<dt class='gallery-icon landscape'>\n\t\t\t\t<a href='http:\/\/commune-loffre.fr\/index.php\/2016\/06\/21\/commemoration-de-lappel-du-18-juin\/olympus-digital-camera-83\/'><img loading=\"lazy\" decoding=\"async\" width=\"150\" height=\"150\" src=\"http:\/\/commune-loffre.fr\/wp-content\/uploads\/2016\/06\/8-Juin-2016-1-150x150.jpg\" class=\"attachment-thumbnail size-thumbnail\" alt=\"\" aria-describedby=\"gallery-1-717\" srcset=\"http:\/\/commune-loffre.fr\/wp-content\/uploads\/2016\/06\/8-Juin-2016-1-150x150.jpg 150w, http:\/\/commune-loffre.fr\/wp-content\/uploads\/2016\/06\/8-Juin-2016-1-180x180.jpg 180w, http:\/\/commune-loffre.fr\/wp-content\/uploads\/2016\/06\/8-Juin-2016-1-60x60.jpg 60w\" sizes=\"(max-width: 150px) 100vw, 150px\" \/><\/a>\n\t\t\t<\/dt>\n\t\t\t\t<dd class='wp-caption-text gallery-caption' id='gallery-1-717'>\n\t\t\t\tComm\u00e9moration de l\u2019appel du 18 Juin\n\t\t\t\t<\/dd><\/dl><dl class='gallery-item'>\n\t\t\t<dt class='gallery-icon portrait'>\n\t\t\t\t<a href='http:\/\/commune-loffre.fr\/index.php\/2016\/06\/21\/commemoration-de-lappel-du-18-juin\/olympus-digital-camera-84\/'><img loading=\"lazy\" decoding=\"async\" width=\"150\" height=\"150\" src=\"http:\/\/commune-loffre.fr\/wp-content\/uploads\/2016\/06\/8-Juin-2016-2-150x150.jpg\" class=\"attachment-thumbnail size-thumbnail\" alt=\"\" aria-describedby=\"gallery-1-718\" srcset=\"http:\/\/commune-loffre.fr\/wp-content\/uploads\/2016\/06\/8-Juin-2016-2-150x150.jpg 150w, http:\/\/commune-loffre.fr\/wp-content\/uploads\/2016\/06\/8-Juin-2016-2-180x180.jpg 180w, http:\/\/commune-loffre.fr\/wp-content\/uploads\/2016\/06\/8-Juin-2016-2-60x60.jpg 60w\" sizes=\"(max-width: 150px) 100vw, 150px\" \/><\/a>\n\t\t\t<\/dt>\n\t\t\t\t<dd class='wp-caption-text gallery-caption' id='gallery-1-718'>\n\t\t\t\tComm\u00e9moration de l\u2019appel du 18 Juin\n\t\t\t\t<\/dd><\/dl><dl class='gallery-item'>\n\t\t\t<dt class='gallery-icon landscape'>\n\t\t\t\t<a href='http:\/\/commune-loffre.fr\/index.php\/2016\/06\/21\/commemoration-de-lappel-du-18-juin\/olympus-digital-camera-85\/'><img loading=\"lazy\" decoding=\"async\" width=\"150\" height=\"150\" src=\"http:\/\/commune-loffre.fr\/wp-content\/uploads\/2016\/06\/8-Juin-2016-3-150x150.jpg\" class=\"attachment-thumbnail size-thumbnail\" alt=\"\" aria-describedby=\"gallery-1-719\" srcset=\"http:\/\/commune-loffre.fr\/wp-content\/uploads\/2016\/06\/8-Juin-2016-3-150x150.jpg 150w, http:\/\/commune-loffre.fr\/wp-content\/uploads\/2016\/06\/8-Juin-2016-3-180x180.jpg 180w, http:\/\/commune-loffre.fr\/wp-content\/uploads\/2016\/06\/8-Juin-2016-3-60x60.jpg 60w\" sizes=\"(max-width: 150px) 100vw, 150px\" \/><\/a>\n\t\t\t<\/dt>\n\t\t\t\t<dd class='wp-caption-text gallery-caption' id='gallery-1-719'>\n\t\t\t\tComm\u00e9moration de l\u2019appel du 18 Juin\n\t\t\t\t<\/dd><\/dl><dl class='gallery-item'>\n\t\t\t<dt class='gallery-icon landscape'>\n\t\t\t\t<a href='http:\/\/commune-loffre.fr\/index.php\/2016\/06\/21\/commemoration-de-lappel-du-18-juin\/olympus-digital-camera-86\/'><img loading=\"lazy\" decoding=\"async\" width=\"150\" height=\"150\" src=\"http:\/\/commune-loffre.fr\/wp-content\/uploads\/2016\/06\/8-Juin-2016-4-150x150.jpg\" class=\"attachment-thumbnail size-thumbnail\" alt=\"\" aria-describedby=\"gallery-1-720\" srcset=\"http:\/\/commune-loffre.fr\/wp-content\/uploads\/2016\/06\/8-Juin-2016-4-150x150.jpg 150w, http:\/\/commune-loffre.fr\/wp-content\/uploads\/2016\/06\/8-Juin-2016-4-180x180.jpg 180w, http:\/\/commune-loffre.fr\/wp-content\/uploads\/2016\/06\/8-Juin-2016-4-60x60.jpg 60w\" sizes=\"(max-width: 150px) 100vw, 150px\" \/><\/a>\n\t\t\t<\/dt>\n\t\t\t\t<dd class='wp-caption-text gallery-caption' id='gallery-1-720'>\n\t\t\t\tComm\u00e9moration de l\u2019appel du 18 Juin\n\t\t\t\t<\/dd><\/dl><dl class='gallery-item'>\n\t\t\t<dt class='gallery-icon portrait'>\n\t\t\t\t<a href='http:\/\/commune-loffre.fr\/index.php\/2016\/06\/21\/commemoration-de-lappel-du-18-juin\/olympus-digital-camera-87\/'><img loading=\"lazy\" decoding=\"async\" width=\"150\" height=\"150\" src=\"http:\/\/commune-loffre.fr\/wp-content\/uploads\/2016\/06\/8-Juin-2016-5-150x150.jpg\" class=\"attachment-thumbnail size-thumbnail\" alt=\"\" aria-describedby=\"gallery-1-721\" srcset=\"http:\/\/commune-loffre.fr\/wp-content\/uploads\/2016\/06\/8-Juin-2016-5-150x150.jpg 150w, http:\/\/commune-loffre.fr\/wp-content\/uploads\/2016\/06\/8-Juin-2016-5-180x180.jpg 180w, http:\/\/commune-loffre.fr\/wp-content\/uploads\/2016\/06\/8-Juin-2016-5-60x60.jpg 60w\" sizes=\"(max-width: 150px) 100vw, 150px\" \/><\/a>\n\t\t\t<\/dt>\n\t\t\t\t<dd class='wp-caption-text gallery-caption' id='gallery-1-721'>\n\t\t\t\tComm\u00e9moration de l\u2019appel du 18 Juin\n\t\t\t\t<\/dd><\/dl><br style=\"clear: both\" \/><dl class='gallery-item'>\n\t\t\t<dt class='gallery-icon landscape'>\n\t\t\t\t<a href='http:\/\/commune-loffre.fr\/index.php\/2016\/06\/21\/commemoration-de-lappel-du-18-juin\/olympus-digital-camera-89\/'><img loading=\"lazy\" decoding=\"async\" width=\"150\" height=\"150\" src=\"http:\/\/commune-loffre.fr\/wp-content\/uploads\/2016\/06\/8-Juin-2016-7-150x150.jpg\" class=\"attachment-thumbnail size-thumbnail\" alt=\"\" aria-describedby=\"gallery-1-723\" srcset=\"http:\/\/commune-loffre.fr\/wp-content\/uploads\/2016\/06\/8-Juin-2016-7-150x150.jpg 150w, http:\/\/commune-loffre.fr\/wp-content\/uploads\/2016\/06\/8-Juin-2016-7-180x180.jpg 180w, http:\/\/commune-loffre.fr\/wp-content\/uploads\/2016\/06\/8-Juin-2016-7-60x60.jpg 60w\" sizes=\"(max-width: 150px) 100vw, 150px\" \/><\/a>\n\t\t\t<\/dt>\n\t\t\t\t<dd class='wp-caption-text gallery-caption' id='gallery-1-723'>\n\t\t\t\tComm\u00e9moration de l\u2019appel du 18 Juin\n\t\t\t\t<\/dd><\/dl><dl class='gallery-item'>\n\t\t\t<dt class='gallery-icon landscape'>\n\t\t\t\t<a href='http:\/\/commune-loffre.fr\/index.php\/2016\/06\/21\/commemoration-de-lappel-du-18-juin\/olympus-digital-camera-90\/'><img loading=\"lazy\" decoding=\"async\" width=\"150\" height=\"150\" src=\"http:\/\/commune-loffre.fr\/wp-content\/uploads\/2016\/06\/8-Juin-2016-8-150x150.jpg\" class=\"attachment-thumbnail size-thumbnail\" alt=\"\" aria-describedby=\"gallery-1-724\" srcset=\"http:\/\/commune-loffre.fr\/wp-content\/uploads\/2016\/06\/8-Juin-2016-8-150x150.jpg 150w, http:\/\/commune-loffre.fr\/wp-content\/uploads\/2016\/06\/8-Juin-2016-8-180x180.jpg 180w, http:\/\/commune-loffre.fr\/wp-content\/uploads\/2016\/06\/8-Juin-2016-8-60x60.jpg 60w\" sizes=\"(max-width: 150px) 100vw, 150px\" \/><\/a>\n\t\t\t<\/dt>\n\t\t\t\t<dd class='wp-caption-text gallery-caption' id='gallery-1-724'>\n\t\t\t\tComm\u00e9moration de l\u2019appel du 18 Juin\n\t\t\t\t<\/dd><\/dl><dl class='gallery-item'>\n\t\t\t<dt class='gallery-icon landscape'>\n\t\t\t\t<a href='http:\/\/commune-loffre.fr\/index.php\/2016\/06\/21\/commemoration-de-lappel-du-18-juin\/olympus-digital-camera-88\/'><img loading=\"lazy\" decoding=\"async\" width=\"150\" height=\"150\" src=\"http:\/\/commune-loffre.fr\/wp-content\/uploads\/2016\/06\/8-Juin-2016-6-150x150.jpg\" class=\"attachment-thumbnail size-thumbnail\" alt=\"\" aria-describedby=\"gallery-1-722\" srcset=\"http:\/\/commune-loffre.fr\/wp-content\/uploads\/2016\/06\/8-Juin-2016-6-150x150.jpg 150w, http:\/\/commune-loffre.fr\/wp-content\/uploads\/2016\/06\/8-Juin-2016-6-180x180.jpg 180w, http:\/\/commune-loffre.fr\/wp-content\/uploads\/2016\/06\/8-Juin-2016-6-60x60.jpg 60w\" sizes=\"(max-width: 150px) 100vw, 150px\" \/><\/a>\n\t\t\t<\/dt>\n\t\t\t\t<dd class='wp-caption-text gallery-caption' id='gallery-1-722'>\n\t\t\t\tComm\u00e9moration de l\u2019appel du 18 Juin\n\t\t\t\t<\/dd><\/dl>\n\t\t\t<br style='clear: both' \/>\n\t\t<\/div>\n\n<p>Apr\u00e8s le d\u00e9p\u00f4t d\u2019une gerbe par Monsieur le Maire et Monsieur Jean-Marie Ch\u0153ur, Tr\u00e9sorier des Anciens Combattants de Loffre, Monsieur le Maire d\u00e9livra le message de Monsieur Jean-Marc Todeschini, Secr\u00e9taire d\u2019\u00c9tat charg\u00e9 des Anciens combattants et de la M\u00e9moire. Ensuite, Monsieur Jean-Marie Ch\u0153ur donna lecture de l\u2019Appel du G\u00e9n\u00e9ral de Gaulle. A la suite de cette comm\u00e9moration, le verre de l\u2019amiti\u00e9 fut offert par la municipalit\u00e9.<\/p>\n","protected":false},"excerpt":{"rendered":"<p>Le Samedi 18 Juin 2016 \u00e0 11 heures, Monsieur le Maire, le conseil municipal et les Anciens Combattants de Loffre se sont r\u00e9unis au monument aux Morts afin de comm\u00e9morer&#8230; <a href=\"http:\/\/commune-loffre.fr\/index.php\/2016\/06\/21\/commemoration-de-lappel-du-18-juin\/\">Read more &raquo;<\/a><\/p>\n","protected":false},"author":1,"featured_media":0,"comment_status":"closed","ping_status":"closed","sticky":false,"template":"","format":"standard","meta":{"footnotes":""},"categories":[17],"tags":[],"_links":{"self":[{"href":"http:\/\/commune-loffre.fr\/index.php\/wp-json\/wp\/v2\/posts\/716"}],"collection":[{"href":"http:\/\/commune-loffre.fr\/index.php\/wp-json\/wp\/v2\/posts"}],"about":[{"href":"http:\/\/commune-loffre.fr\/index.php\/wp-json\/wp\/v2\/types\/post"}],"author":[{"embeddable":true,"href":"http:\/\/commune-loffre.fr\/index.php\/wp-json\/wp\/v2\/users\/1"}],"replies":[{"embeddable":true,"href":"http:\/\/commune-loffre.fr\/index.php\/wp-json\/wp\/v2\/comments?post=716"}],"version-history":[{"count":2,"href":"http:\/\/commune-loffre.fr\/index.php\/wp-json\/wp\/v2\/posts\/716\/revisions"}],"predecessor-version":[{"id":726,"href":"http:\/\/commune-loffre.fr\/index.php\/wp-json\/wp\/v2\/posts\/716\/revisions\/726"}],"wp:attachment":[{"href":"http:\/\/commune-loffre.fr\/index.php\/wp-json\/wp\/v2\/media?parent=716"}],"wp:term":[{"taxonomy":"category","embeddable":true,"href":"http:\/\/commune-loffre.fr\/index.php\/wp-json\/wp\/v2\/categories?post=716"},{"taxonomy":"post_tag","embeddable":true,"href":"http:\/\/commune-loffre.fr\/index.php\/wp-json\/wp\/v2\/tags?post=716"}],"curies":[{"name":"wp","href":"https:\/\/api.w.org\/{rel}","templated":true}]}}