{"id":7105,"date":"2024-01-07T18:01:27","date_gmt":"2024-01-07T17:01:27","guid":{"rendered":"http:\/\/commune-loffre.fr\/?p=7105"},"modified":"2024-01-07T18:01:27","modified_gmt":"2024-01-07T17:01:27","slug":"camion-bleu-3","status":"publish","type":"post","link":"http:\/\/commune-loffre.fr\/index.php\/2024\/01\/07\/camion-bleu-3\/","title":{"rendered":"Camion Bleu"},"content":{"rendered":"\n<p>Le Camion bleu France Services va \u00e0 la rencontre des habitants du Douaisis pour leur proposer un service de proximit\u00e9 et les accompagner pour de nombreuses formalit\u00e9s \u00e0 accomplir (P\u00f4le Emploi, CAF, CPAM, CARSAT, etc.).<\/p>\n\n\n\n<p>Le Camion bleu poursuit sa tourn\u00e9e ces prochains mois. Voici le calendrier.<\/p>\n\n\n\n<figure class=\"wp-block-image size-large\"><img loading=\"lazy\" decoding=\"async\" width=\"725\" height=\"1024\" src=\"http:\/\/commune-loffre.fr\/wp-content\/uploads\/2024\/01\/Camion-Bleu-Janvier-Fevrier-2024-725x1024.jpg\" alt=\"\" class=\"wp-image-7106\" srcset=\"http:\/\/commune-loffre.fr\/wp-content\/uploads\/2024\/01\/Camion-Bleu-Janvier-Fevrier-2024-725x1024.jpg 725w, http:\/\/commune-loffre.fr\/wp-content\/uploads\/2024\/01\/Camion-Bleu-Janvier-Fevrier-2024-212x300.jpg 212w, http:\/\/commune-loffre.fr\/wp-content\/uploads\/2024\/01\/Camion-Bleu-Janvier-Fevrier-2024-768x1084.jpg 768w, http:\/\/commune-loffre.fr\/wp-content\/uploads\/2024\/01\/Camion-Bleu-Janvier-Fevrier-2024-1088x1536.jpg 1088w, http:\/\/commune-loffre.fr\/wp-content\/uploads\/2024\/01\/Camion-Bleu-Janvier-Fevrier-2024-624x881.jpg 624w, http:\/\/commune-loffre.fr\/wp-content\/uploads\/2024\/01\/Camion-Bleu-Janvier-Fevrier-2024.jpg 1124w\" sizes=\"(max-width: 725px) 100vw, 725px\" \/><\/figure>\n","protected":false},"excerpt":{"rendered":"<p>Le Camion bleu France Services va \u00e0 la rencontre des habitants du Douaisis pour leur proposer un service de proximit\u00e9 et les accompagner pour de nombreuses formalit\u00e9s \u00e0 accomplir (P\u00f4le&#8230; <a href=\"http:\/\/commune-loffre.fr\/index.php\/2024\/01\/07\/camion-bleu-3\/\">Read more &raquo;<\/a><\/p>\n","protected":false},"author":1,"featured_media":0,"comment_status":"closed","ping_status":"closed","sticky":false,"template":"","format":"standard","meta":{"footnotes":""},"categories":[1],"tags":[],"_links":{"self":[{"href":"http:\/\/commune-loffre.fr\/index.php\/wp-json\/wp\/v2\/posts\/7105"}],"collection":[{"href":"http:\/\/commune-loffre.fr\/index.php\/wp-json\/wp\/v2\/posts"}],"about":[{"href":"http:\/\/commune-loffre.fr\/index.php\/wp-json\/wp\/v2\/types\/post"}],"author":[{"embeddable":true,"href":"http:\/\/commune-loffre.fr\/index.php\/wp-json\/wp\/v2\/users\/1"}],"replies":[{"embeddable":true,"href":"http:\/\/commune-loffre.fr\/index.php\/wp-json\/wp\/v2\/comments?post=7105"}],"version-history":[{"count":1,"href":"http:\/\/commune-loffre.fr\/index.php\/wp-json\/wp\/v2\/posts\/7105\/revisions"}],"predecessor-version":[{"id":7107,"href":"http:\/\/commune-loffre.fr\/index.php\/wp-json\/wp\/v2\/posts\/7105\/revisions\/7107"}],"wp:attachment":[{"href":"http:\/\/commune-loffre.fr\/index.php\/wp-json\/wp\/v2\/media?parent=7105"}],"wp:term":[{"taxonomy":"category","embeddable":true,"href":"http:\/\/commune-loffre.fr\/index.php\/wp-json\/wp\/v2\/categories?post=7105"},{"taxonomy":"post_tag","embeddable":true,"href":"http:\/\/commune-loffre.fr\/index.php\/wp-json\/wp\/v2\/tags?post=7105"}],"curies":[{"name":"wp","href":"https:\/\/api.w.org\/{rel}","templated":true}]}}