{"id":7035,"date":"2023-12-04T16:42:12","date_gmt":"2023-12-04T15:42:12","guid":{"rendered":"http:\/\/commune-loffre.fr\/?p=7035"},"modified":"2023-12-04T16:42:12","modified_gmt":"2023-12-04T15:42:12","slug":"octobre-rose-4","status":"publish","type":"post","link":"http:\/\/commune-loffre.fr\/index.php\/2023\/12\/04\/octobre-rose-4\/","title":{"rendered":"Octobre Rose"},"content":{"rendered":"\n<p>Le mardi 28 novembre&nbsp;fut un moment de partage tr\u00e8s \u00e9mouvant entre Loffre et l&rsquo;Espace Ressources Cancers de Douai.<\/p>\n\n\n\n<p>Profitant de la remise d&rsquo;un ch\u00e8que de 435\u20ac, somme r\u00e9colt\u00e9e gr\u00e2ce \u00e0 la solidarit\u00e9 des loffriens et des associations lors de la matin\u00e9e d\u00e9di\u00e9e \u00e0 Octobre&nbsp;Rose, Fr\u00e9d\u00e9ric Viremouneix, pr\u00e9sident du Comit\u00e9 des F\u00eates, accompagn\u00e9 par Julie Leroy, Guillaume Vasseur et Eline, ont pu \u00e9changer avec Bernard, France-Agn\u00e8s, Jo\u00eblle, Pascale et&nbsp; Annie, tous patients et suivis par l&rsquo;ERC.<\/p>\n\n\n\n<p>C&rsquo;est avec beaucoup de pudeur et d&rsquo;\u00e9motion que les participants ont pu dire \u00e0 quel point cette association \u00e9tait importante \u00e0 leurs&nbsp;yeux. Ils y trouvent de la bienveillance, de l&rsquo;\u00e9coute,&nbsp; et surtout ils sortent de leur isolement. C&rsquo;est aussi l&rsquo;occasion d&rsquo;assister \u00e0 des&nbsp; ateliers esth\u00e9tiques, des activit\u00e9s sportives adapt\u00e9es, des ateliers di\u00e9t\u00e9tiques et de cuisine ou encore des ateliers manuels.<\/p>\n\n\n\n<p>Alison Savary, coordinatrice de l&rsquo;ERC, a tenu \u00e0 faire un point financier en annon\u00e7ant que gr\u00e2ce aux dons Octobre Rose de Loffre en 2022, 24 personnes ont pu b\u00e9n\u00e9ficier de s\u00e9ances d&rsquo;Art Th\u00e9rapie cette ann\u00e9e. Ces s\u00e9ances permettent d&rsquo;aborder le l\u00e2cher prise, la confiance en soi, l&rsquo;estime de soi \u00e0 travers l&rsquo;Art (peinture, collage, \u00e9criture, poterie, aquarelle, danse&#8230;).<\/p>\n\n\n\n<p>Nous remercions vivement l&rsquo;ERC pour l&rsquo;accueil chaleureux qui nous a \u00e9t\u00e9 r\u00e9serv\u00e9.<\/p>\n\n\n\n<p>Merci \u00e0 tous pour ce bel \u00e9lan de solidarit\u00e9 Octobre Rose. Rendez-vous en octobre 2024 !<\/p>\n\n\n\n<p>\u00ab\u00a0C&rsquo;est dans la difficult\u00e9 que la solidarit\u00e9 se renforce\u00a0\u00bb.<\/p>\n\n\n\n<figure class=\"wp-block-image size-large\"><img loading=\"lazy\" decoding=\"async\" width=\"1024\" height=\"576\" src=\"http:\/\/commune-loffre.fr\/wp-content\/uploads\/2023\/12\/20231128_154408-1024x576.jpg\" alt=\"\" class=\"wp-image-7036\" srcset=\"http:\/\/commune-loffre.fr\/wp-content\/uploads\/2023\/12\/20231128_154408-1024x576.jpg 1024w, http:\/\/commune-loffre.fr\/wp-content\/uploads\/2023\/12\/20231128_154408-300x169.jpg 300w, http:\/\/commune-loffre.fr\/wp-content\/uploads\/2023\/12\/20231128_154408-768x432.jpg 768w, http:\/\/commune-loffre.fr\/wp-content\/uploads\/2023\/12\/20231128_154408-1536x864.jpg 1536w, http:\/\/commune-loffre.fr\/wp-content\/uploads\/2023\/12\/20231128_154408-2048x1152.jpg 2048w, http:\/\/commune-loffre.fr\/wp-content\/uploads\/2023\/12\/20231128_154408-624x351.jpg 624w\" sizes=\"(max-width: 1024px) 100vw, 1024px\" \/><\/figure>\n","protected":false},"excerpt":{"rendered":"<p>Le mardi 28 novembre&nbsp;fut un moment de partage tr\u00e8s \u00e9mouvant entre Loffre et l&rsquo;Espace Ressources Cancers de Douai. Profitant de la remise d&rsquo;un ch\u00e8que de 435\u20ac, somme r\u00e9colt\u00e9e gr\u00e2ce \u00e0&#8230; <a href=\"http:\/\/commune-loffre.fr\/index.php\/2023\/12\/04\/octobre-rose-4\/\">Read more &raquo;<\/a><\/p>\n","protected":false},"author":1,"featured_media":0,"comment_status":"closed","ping_status":"closed","sticky":false,"template":"","format":"standard","meta":{"footnotes":""},"categories":[1],"tags":[],"_links":{"self":[{"href":"http:\/\/commune-loffre.fr\/index.php\/wp-json\/wp\/v2\/posts\/7035"}],"collection":[{"href":"http:\/\/commune-loffre.fr\/index.php\/wp-json\/wp\/v2\/posts"}],"about":[{"href":"http:\/\/commune-loffre.fr\/index.php\/wp-json\/wp\/v2\/types\/post"}],"author":[{"embeddable":true,"href":"http:\/\/commune-loffre.fr\/index.php\/wp-json\/wp\/v2\/users\/1"}],"replies":[{"embeddable":true,"href":"http:\/\/commune-loffre.fr\/index.php\/wp-json\/wp\/v2\/comments?post=7035"}],"version-history":[{"count":1,"href":"http:\/\/commune-loffre.fr\/index.php\/wp-json\/wp\/v2\/posts\/7035\/revisions"}],"predecessor-version":[{"id":7037,"href":"http:\/\/commune-loffre.fr\/index.php\/wp-json\/wp\/v2\/posts\/7035\/revisions\/7037"}],"wp:attachment":[{"href":"http:\/\/commune-loffre.fr\/index.php\/wp-json\/wp\/v2\/media?parent=7035"}],"wp:term":[{"taxonomy":"category","embeddable":true,"href":"http:\/\/commune-loffre.fr\/index.php\/wp-json\/wp\/v2\/categories?post=7035"},{"taxonomy":"post_tag","embeddable":true,"href":"http:\/\/commune-loffre.fr\/index.php\/wp-json\/wp\/v2\/tags?post=7035"}],"curies":[{"name":"wp","href":"https:\/\/api.w.org\/{rel}","templated":true}]}}