{"id":7007,"date":"2023-09-18T19:39:51","date_gmt":"2023-09-18T18:39:51","guid":{"rendered":"http:\/\/commune-loffre.fr\/?p=7007"},"modified":"2023-09-18T19:42:57","modified_gmt":"2023-09-18T18:42:57","slug":"felicitations","status":"publish","type":"post","link":"http:\/\/commune-loffre.fr\/index.php\/2023\/09\/18\/felicitations\/","title":{"rendered":"F\u00e9licitations"},"content":{"rendered":"\n<p>Ce samedi 16 septembre,&nbsp; Sylvie Larivi\u00e8re et Anne Lang ont c\u00e9l\u00e9br\u00e9 la c\u00e9r\u00e9monie de mariage de Kelly et Abdelaziz en pr\u00e9sence de Jamila, Nawal, Hamid et Elyes, les t\u00e9moins majeurs.<\/p>\n\n\n\n<p>Tous nos v\u0153ux de bonheur aux jeunes mari\u00e9s !\ud83d\udc90<\/p>\n\n\n\n<figure class=\"wp-block-image size-large\"><img loading=\"lazy\" decoding=\"async\" width=\"576\" height=\"1024\" src=\"http:\/\/commune-loffre.fr\/wp-content\/uploads\/2023\/09\/mariage-20230916_141810-576x1024.jpg\" alt=\"\" class=\"wp-image-7008\" srcset=\"http:\/\/commune-loffre.fr\/wp-content\/uploads\/2023\/09\/mariage-20230916_141810-576x1024.jpg 576w, http:\/\/commune-loffre.fr\/wp-content\/uploads\/2023\/09\/mariage-20230916_141810-169x300.jpg 169w, http:\/\/commune-loffre.fr\/wp-content\/uploads\/2023\/09\/mariage-20230916_141810-768x1365.jpg 768w, http:\/\/commune-loffre.fr\/wp-content\/uploads\/2023\/09\/mariage-20230916_141810-864x1536.jpg 864w, http:\/\/commune-loffre.fr\/wp-content\/uploads\/2023\/09\/mariage-20230916_141810-1152x2048.jpg 1152w, http:\/\/commune-loffre.fr\/wp-content\/uploads\/2023\/09\/mariage-20230916_141810-624x1109.jpg 624w, http:\/\/commune-loffre.fr\/wp-content\/uploads\/2023\/09\/mariage-20230916_141810-scaled.jpg 1440w\" sizes=\"(max-width: 576px) 100vw, 576px\" \/><\/figure>\n","protected":false},"excerpt":{"rendered":"<p>Ce samedi 16 septembre,&nbsp; Sylvie Larivi\u00e8re et Anne Lang ont c\u00e9l\u00e9br\u00e9 la c\u00e9r\u00e9monie de mariage de Kelly et Abdelaziz en pr\u00e9sence de Jamila, Nawal, Hamid et Elyes, les t\u00e9moins majeurs&#8230;. <a href=\"http:\/\/commune-loffre.fr\/index.php\/2023\/09\/18\/felicitations\/\">Read more &raquo;<\/a><\/p>\n","protected":false},"author":1,"featured_media":7011,"comment_status":"closed","ping_status":"closed","sticky":false,"template":"","format":"standard","meta":{"footnotes":""},"categories":[1],"tags":[],"_links":{"self":[{"href":"http:\/\/commune-loffre.fr\/index.php\/wp-json\/wp\/v2\/posts\/7007"}],"collection":[{"href":"http:\/\/commune-loffre.fr\/index.php\/wp-json\/wp\/v2\/posts"}],"about":[{"href":"http:\/\/commune-loffre.fr\/index.php\/wp-json\/wp\/v2\/types\/post"}],"author":[{"embeddable":true,"href":"http:\/\/commune-loffre.fr\/index.php\/wp-json\/wp\/v2\/users\/1"}],"replies":[{"embeddable":true,"href":"http:\/\/commune-loffre.fr\/index.php\/wp-json\/wp\/v2\/comments?post=7007"}],"version-history":[{"count":1,"href":"http:\/\/commune-loffre.fr\/index.php\/wp-json\/wp\/v2\/posts\/7007\/revisions"}],"predecessor-version":[{"id":7009,"href":"http:\/\/commune-loffre.fr\/index.php\/wp-json\/wp\/v2\/posts\/7007\/revisions\/7009"}],"wp:featuredmedia":[{"embeddable":true,"href":"http:\/\/commune-loffre.fr\/index.php\/wp-json\/wp\/v2\/media\/7011"}],"wp:attachment":[{"href":"http:\/\/commune-loffre.fr\/index.php\/wp-json\/wp\/v2\/media?parent=7007"}],"wp:term":[{"taxonomy":"category","embeddable":true,"href":"http:\/\/commune-loffre.fr\/index.php\/wp-json\/wp\/v2\/categories?post=7007"},{"taxonomy":"post_tag","embeddable":true,"href":"http:\/\/commune-loffre.fr\/index.php\/wp-json\/wp\/v2\/tags?post=7007"}],"curies":[{"name":"wp","href":"https:\/\/api.w.org\/{rel}","templated":true}]}}