{"id":6936,"date":"2023-09-04T18:18:25","date_gmt":"2023-09-04T17:18:25","guid":{"rendered":"http:\/\/commune-loffre.fr\/?p=6936"},"modified":"2023-09-05T07:54:39","modified_gmt":"2023-09-05T06:54:39","slug":"fete-de-la-tiote-tomate-2","status":"publish","type":"post","link":"http:\/\/commune-loffre.fr\/index.php\/2023\/09\/04\/fete-de-la-tiote-tomate-2\/","title":{"rendered":"F\u00eate de la T&rsquo;iote Tomate"},"content":{"rendered":"\n<p>La 3\u00e8 f\u00eate de la Tiote Tomate a d\u00e9but\u00e9 samedi 26 ao\u00fbt au matin avec les r\u00e9sultats du concours des maisons fleuries organis\u00e9 par la Brigade Verte. Chacun a pu admirer le fleurissement des maisons et tout le travail que les loffriens font afin d&#8217;embellir leurs jardins.<\/p>\n\n\n\n<figure class=\"wp-block-gallery has-nested-images columns-default is-cropped wp-block-gallery-1 is-layout-flex wp-block-gallery-is-layout-flex\">\n<figure class=\"wp-block-image size-large\"><img loading=\"lazy\" decoding=\"async\" width=\"1024\" height=\"576\" data-id=\"6956\" src=\"http:\/\/commune-loffre.fr\/wp-content\/uploads\/2023\/09\/20230826_095701-Copie-1024x576.jpg\" alt=\"\" class=\"wp-image-6956\" srcset=\"http:\/\/commune-loffre.fr\/wp-content\/uploads\/2023\/09\/20230826_095701-Copie-1024x576.jpg 1024w, http:\/\/commune-loffre.fr\/wp-content\/uploads\/2023\/09\/20230826_095701-Copie-300x169.jpg 300w, http:\/\/commune-loffre.fr\/wp-content\/uploads\/2023\/09\/20230826_095701-Copie-768x432.jpg 768w, http:\/\/commune-loffre.fr\/wp-content\/uploads\/2023\/09\/20230826_095701-Copie-1536x864.jpg 1536w, http:\/\/commune-loffre.fr\/wp-content\/uploads\/2023\/09\/20230826_095701-Copie-2048x1152.jpg 2048w, http:\/\/commune-loffre.fr\/wp-content\/uploads\/2023\/09\/20230826_095701-Copie-624x351.jpg 624w\" sizes=\"(max-width: 1024px) 100vw, 1024px\" \/><\/figure>\n\n\n\n<figure class=\"wp-block-image size-large\"><img loading=\"lazy\" decoding=\"async\" width=\"1024\" height=\"576\" data-id=\"6957\" src=\"http:\/\/commune-loffre.fr\/wp-content\/uploads\/2023\/09\/20230826_100411-Copie-1024x576.jpg\" alt=\"\" class=\"wp-image-6957\" srcset=\"http:\/\/commune-loffre.fr\/wp-content\/uploads\/2023\/09\/20230826_100411-Copie-1024x576.jpg 1024w, http:\/\/commune-loffre.fr\/wp-content\/uploads\/2023\/09\/20230826_100411-Copie-300x169.jpg 300w, http:\/\/commune-loffre.fr\/wp-content\/uploads\/2023\/09\/20230826_100411-Copie-768x432.jpg 768w, http:\/\/commune-loffre.fr\/wp-content\/uploads\/2023\/09\/20230826_100411-Copie-1536x864.jpg 1536w, http:\/\/commune-loffre.fr\/wp-content\/uploads\/2023\/09\/20230826_100411-Copie-2048x1152.jpg 2048w, http:\/\/commune-loffre.fr\/wp-content\/uploads\/2023\/09\/20230826_100411-Copie-624x351.jpg 624w\" sizes=\"(max-width: 1024px) 100vw, 1024px\" \/><\/figure>\n\n\n\n<figure class=\"wp-block-image size-large\"><img loading=\"lazy\" decoding=\"async\" width=\"1024\" height=\"576\" data-id=\"6959\" src=\"http:\/\/commune-loffre.fr\/wp-content\/uploads\/2023\/09\/20230826_100426-1024x576.jpg\" alt=\"\" class=\"wp-image-6959\" srcset=\"http:\/\/commune-loffre.fr\/wp-content\/uploads\/2023\/09\/20230826_100426-1024x576.jpg 1024w, http:\/\/commune-loffre.fr\/wp-content\/uploads\/2023\/09\/20230826_100426-300x169.jpg 300w, http:\/\/commune-loffre.fr\/wp-content\/uploads\/2023\/09\/20230826_100426-768x432.jpg 768w, http:\/\/commune-loffre.fr\/wp-content\/uploads\/2023\/09\/20230826_100426-1536x864.jpg 1536w, http:\/\/commune-loffre.fr\/wp-content\/uploads\/2023\/09\/20230826_100426-2048x1152.jpg 2048w, http:\/\/commune-loffre.fr\/wp-content\/uploads\/2023\/09\/20230826_100426-624x351.jpg 624w\" sizes=\"(max-width: 1024px) 100vw, 1024px\" \/><\/figure>\n\n\n\n<figure class=\"wp-block-image size-large\"><img loading=\"lazy\" decoding=\"async\" width=\"1024\" height=\"576\" data-id=\"6958\" src=\"http:\/\/commune-loffre.fr\/wp-content\/uploads\/2023\/09\/20230826_100432-Copie-1024x576.jpg\" alt=\"\" class=\"wp-image-6958\" srcset=\"http:\/\/commune-loffre.fr\/wp-content\/uploads\/2023\/09\/20230826_100432-Copie-1024x576.jpg 1024w, http:\/\/commune-loffre.fr\/wp-content\/uploads\/2023\/09\/20230826_100432-Copie-300x169.jpg 300w, http:\/\/commune-loffre.fr\/wp-content\/uploads\/2023\/09\/20230826_100432-Copie-768x432.jpg 768w, http:\/\/commune-loffre.fr\/wp-content\/uploads\/2023\/09\/20230826_100432-Copie-1536x864.jpg 1536w, http:\/\/commune-loffre.fr\/wp-content\/uploads\/2023\/09\/20230826_100432-Copie-2048x1152.jpg 2048w, http:\/\/commune-loffre.fr\/wp-content\/uploads\/2023\/09\/20230826_100432-Copie-624x351.jpg 624w\" sizes=\"(max-width: 1024px) 100vw, 1024px\" \/><\/figure>\n<\/figure>\n\n\n\n<p><br>Les jardiniers et les cuisiniers de Loffre ont montr\u00e9 tout leur talent en apportant leurs magnifiques l\u00e9gumes et compositions florales ainsi que des plats cuisin\u00e9s avec les l\u00e9gumes du jardin.<br>Cette animation organis\u00e9e par les associations La Ronde Des Livres et Sport Pour Tous a permis de rassembler la tr\u00e8s coquette somme de 367,17\u20ac, somme int\u00e9gralement revers\u00e9e \u00e0 l&rsquo;Association Autisme 59\/62. Merci \u00e0 tous les participants pour leur grande g\u00e9n\u00e9rosit\u00e9.<\/p>\n\n\n\n<figure class=\"wp-block-gallery has-nested-images columns-default is-cropped wp-block-gallery-2 is-layout-flex wp-block-gallery-is-layout-flex\">\n<figure class=\"wp-block-image size-large\"><img loading=\"lazy\" decoding=\"async\" width=\"1024\" height=\"576\" data-id=\"6967\" src=\"http:\/\/commune-loffre.fr\/wp-content\/uploads\/2023\/09\/20230826_102728-Copie-1024x576.jpg\" alt=\"\" class=\"wp-image-6967\" srcset=\"http:\/\/commune-loffre.fr\/wp-content\/uploads\/2023\/09\/20230826_102728-Copie-1024x576.jpg 1024w, http:\/\/commune-loffre.fr\/wp-content\/uploads\/2023\/09\/20230826_102728-Copie-300x169.jpg 300w, http:\/\/commune-loffre.fr\/wp-content\/uploads\/2023\/09\/20230826_102728-Copie-768x432.jpg 768w, http:\/\/commune-loffre.fr\/wp-content\/uploads\/2023\/09\/20230826_102728-Copie-1536x864.jpg 1536w, http:\/\/commune-loffre.fr\/wp-content\/uploads\/2023\/09\/20230826_102728-Copie-2048x1152.jpg 2048w, http:\/\/commune-loffre.fr\/wp-content\/uploads\/2023\/09\/20230826_102728-Copie-624x351.jpg 624w\" sizes=\"(max-width: 1024px) 100vw, 1024px\" \/><\/figure>\n\n\n\n<figure class=\"wp-block-image size-large\"><img loading=\"lazy\" decoding=\"async\" width=\"1024\" height=\"576\" data-id=\"6964\" src=\"http:\/\/commune-loffre.fr\/wp-content\/uploads\/2023\/09\/20230826_105009-1024x576.jpg\" alt=\"\" class=\"wp-image-6964\" srcset=\"http:\/\/commune-loffre.fr\/wp-content\/uploads\/2023\/09\/20230826_105009-1024x576.jpg 1024w, http:\/\/commune-loffre.fr\/wp-content\/uploads\/2023\/09\/20230826_105009-300x169.jpg 300w, http:\/\/commune-loffre.fr\/wp-content\/uploads\/2023\/09\/20230826_105009-768x432.jpg 768w, http:\/\/commune-loffre.fr\/wp-content\/uploads\/2023\/09\/20230826_105009-1536x864.jpg 1536w, http:\/\/commune-loffre.fr\/wp-content\/uploads\/2023\/09\/20230826_105009-2048x1152.jpg 2048w, http:\/\/commune-loffre.fr\/wp-content\/uploads\/2023\/09\/20230826_105009-624x351.jpg 624w\" sizes=\"(max-width: 1024px) 100vw, 1024px\" \/><\/figure>\n\n\n\n<figure class=\"wp-block-image size-large\"><img loading=\"lazy\" decoding=\"async\" width=\"1024\" height=\"578\" data-id=\"6966\" src=\"http:\/\/commune-loffre.fr\/wp-content\/uploads\/2023\/09\/20230826_110326-1024x578.jpg\" alt=\"\" class=\"wp-image-6966\" srcset=\"http:\/\/commune-loffre.fr\/wp-content\/uploads\/2023\/09\/20230826_110326-1024x578.jpg 1024w, http:\/\/commune-loffre.fr\/wp-content\/uploads\/2023\/09\/20230826_110326-300x169.jpg 300w, http:\/\/commune-loffre.fr\/wp-content\/uploads\/2023\/09\/20230826_110326-768x433.jpg 768w, http:\/\/commune-loffre.fr\/wp-content\/uploads\/2023\/09\/20230826_110326-1536x866.jpg 1536w, http:\/\/commune-loffre.fr\/wp-content\/uploads\/2023\/09\/20230826_110326-2048x1155.jpg 2048w, http:\/\/commune-loffre.fr\/wp-content\/uploads\/2023\/09\/20230826_110326-624x352.jpg 624w\" sizes=\"(max-width: 1024px) 100vw, 1024px\" \/><\/figure>\n\n\n\n<figure class=\"wp-block-image size-large\"><img loading=\"lazy\" decoding=\"async\" width=\"1024\" height=\"576\" data-id=\"6965\" src=\"http:\/\/commune-loffre.fr\/wp-content\/uploads\/2023\/09\/20230826_111855-Copie-1024x576.jpg\" alt=\"\" class=\"wp-image-6965\" srcset=\"http:\/\/commune-loffre.fr\/wp-content\/uploads\/2023\/09\/20230826_111855-Copie-1024x576.jpg 1024w, http:\/\/commune-loffre.fr\/wp-content\/uploads\/2023\/09\/20230826_111855-Copie-300x169.jpg 300w, http:\/\/commune-loffre.fr\/wp-content\/uploads\/2023\/09\/20230826_111855-Copie-768x432.jpg 768w, http:\/\/commune-loffre.fr\/wp-content\/uploads\/2023\/09\/20230826_111855-Copie-1536x864.jpg 1536w, http:\/\/commune-loffre.fr\/wp-content\/uploads\/2023\/09\/20230826_111855-Copie-2048x1152.jpg 2048w, http:\/\/commune-loffre.fr\/wp-content\/uploads\/2023\/09\/20230826_111855-Copie-624x351.jpg 624w\" sizes=\"(max-width: 1024px) 100vw, 1024px\" \/><\/figure>\n<\/figure>\n\n\n\n<p><br>Un autre temps fort de la matin\u00e9e a \u00e9t\u00e9 celui du concours des v\u00e9los fleuris organis\u00e9 par le Comit\u00e9 des F\u00eates.<br>Les enfants ont rivalis\u00e9 d&rsquo;originalit\u00e9 et de talent pour d\u00e9filer dans les rues du village sous les yeux des nombreux loffriens et personnalit\u00e9s officielles pr\u00e9sentes. Merci \u00e0 @Frederic Delannoy, pr\u00e9sident de Coeur d&rsquo;Ostrevent et maire d&rsquo;Hornaing, @Charles Beauchamp, conseiller d\u00e9partemental, Maryline Lucas, conseill\u00e8re d\u00e9partementale et maire de Guesnain, Alain Bruneel, maire de Lewarde, Arlette Dupilet, maire de Fenain et Marie -Fran\u00e7oise Falempe, maire de Vred.<\/p>\n\n\n\n<figure class=\"wp-block-gallery has-nested-images columns-default is-cropped wp-block-gallery-3 is-layout-flex wp-block-gallery-is-layout-flex\">\n<figure class=\"wp-block-image size-large\"><img loading=\"lazy\" decoding=\"async\" width=\"1024\" height=\"576\" data-id=\"6973\" src=\"http:\/\/commune-loffre.fr\/wp-content\/uploads\/2023\/09\/20230826_114212-Copie-1024x576.jpg\" alt=\"\" class=\"wp-image-6973\" srcset=\"http:\/\/commune-loffre.fr\/wp-content\/uploads\/2023\/09\/20230826_114212-Copie-1024x576.jpg 1024w, http:\/\/commune-loffre.fr\/wp-content\/uploads\/2023\/09\/20230826_114212-Copie-300x169.jpg 300w, http:\/\/commune-loffre.fr\/wp-content\/uploads\/2023\/09\/20230826_114212-Copie-768x432.jpg 768w, http:\/\/commune-loffre.fr\/wp-content\/uploads\/2023\/09\/20230826_114212-Copie-1536x864.jpg 1536w, http:\/\/commune-loffre.fr\/wp-content\/uploads\/2023\/09\/20230826_114212-Copie-2048x1152.jpg 2048w, http:\/\/commune-loffre.fr\/wp-content\/uploads\/2023\/09\/20230826_114212-Copie-624x351.jpg 624w\" sizes=\"(max-width: 1024px) 100vw, 1024px\" \/><\/figure>\n\n\n\n<figure class=\"wp-block-image size-large\"><img loading=\"lazy\" decoding=\"async\" width=\"1024\" height=\"578\" data-id=\"6972\" src=\"http:\/\/commune-loffre.fr\/wp-content\/uploads\/2023\/09\/20230826_142235-Copie-1024x578.jpg\" alt=\"\" class=\"wp-image-6972\" srcset=\"http:\/\/commune-loffre.fr\/wp-content\/uploads\/2023\/09\/20230826_142235-Copie-1024x578.jpg 1024w, http:\/\/commune-loffre.fr\/wp-content\/uploads\/2023\/09\/20230826_142235-Copie-300x169.jpg 300w, http:\/\/commune-loffre.fr\/wp-content\/uploads\/2023\/09\/20230826_142235-Copie-768x433.jpg 768w, http:\/\/commune-loffre.fr\/wp-content\/uploads\/2023\/09\/20230826_142235-Copie-1536x866.jpg 1536w, http:\/\/commune-loffre.fr\/wp-content\/uploads\/2023\/09\/20230826_142235-Copie-2048x1155.jpg 2048w, http:\/\/commune-loffre.fr\/wp-content\/uploads\/2023\/09\/20230826_142235-Copie-624x352.jpg 624w\" sizes=\"(max-width: 1024px) 100vw, 1024px\" \/><\/figure>\n\n\n\n<figure class=\"wp-block-image size-large\"><img loading=\"lazy\" decoding=\"async\" width=\"578\" height=\"1024\" data-id=\"6970\" src=\"http:\/\/commune-loffre.fr\/wp-content\/uploads\/2023\/09\/20230826_151556-578x1024.jpg\" alt=\"\" class=\"wp-image-6970\" srcset=\"http:\/\/commune-loffre.fr\/wp-content\/uploads\/2023\/09\/20230826_151556-578x1024.jpg 578w, http:\/\/commune-loffre.fr\/wp-content\/uploads\/2023\/09\/20230826_151556-169x300.jpg 169w, http:\/\/commune-loffre.fr\/wp-content\/uploads\/2023\/09\/20230826_151556-768x1362.jpg 768w, http:\/\/commune-loffre.fr\/wp-content\/uploads\/2023\/09\/20230826_151556-866x1536.jpg 866w, http:\/\/commune-loffre.fr\/wp-content\/uploads\/2023\/09\/20230826_151556-1155x2048.jpg 1155w, http:\/\/commune-loffre.fr\/wp-content\/uploads\/2023\/09\/20230826_151556-624x1106.jpg 624w, http:\/\/commune-loffre.fr\/wp-content\/uploads\/2023\/09\/20230826_151556-scaled.jpg 1444w\" sizes=\"(max-width: 578px) 100vw, 578px\" \/><\/figure>\n\n\n\n<figure class=\"wp-block-image size-large\"><img loading=\"lazy\" decoding=\"async\" width=\"578\" height=\"1024\" data-id=\"6969\" src=\"http:\/\/commune-loffre.fr\/wp-content\/uploads\/2023\/09\/20230826_151731-Copie-578x1024.jpg\" alt=\"\" class=\"wp-image-6969\" srcset=\"http:\/\/commune-loffre.fr\/wp-content\/uploads\/2023\/09\/20230826_151731-Copie-578x1024.jpg 578w, http:\/\/commune-loffre.fr\/wp-content\/uploads\/2023\/09\/20230826_151731-Copie-169x300.jpg 169w, http:\/\/commune-loffre.fr\/wp-content\/uploads\/2023\/09\/20230826_151731-Copie-768x1362.jpg 768w, http:\/\/commune-loffre.fr\/wp-content\/uploads\/2023\/09\/20230826_151731-Copie-866x1536.jpg 866w, http:\/\/commune-loffre.fr\/wp-content\/uploads\/2023\/09\/20230826_151731-Copie-1155x2048.jpg 1155w, http:\/\/commune-loffre.fr\/wp-content\/uploads\/2023\/09\/20230826_151731-Copie-624x1106.jpg 624w, http:\/\/commune-loffre.fr\/wp-content\/uploads\/2023\/09\/20230826_151731-Copie-scaled.jpg 1444w\" sizes=\"(max-width: 578px) 100vw, 578px\" \/><\/figure>\n\n\n\n<figure class=\"wp-block-image size-large\"><img loading=\"lazy\" decoding=\"async\" width=\"578\" height=\"1024\" data-id=\"6971\" src=\"http:\/\/commune-loffre.fr\/wp-content\/uploads\/2023\/09\/20230826_154558-578x1024.jpg\" alt=\"\" class=\"wp-image-6971\" srcset=\"http:\/\/commune-loffre.fr\/wp-content\/uploads\/2023\/09\/20230826_154558-578x1024.jpg 578w, http:\/\/commune-loffre.fr\/wp-content\/uploads\/2023\/09\/20230826_154558-169x300.jpg 169w, http:\/\/commune-loffre.fr\/wp-content\/uploads\/2023\/09\/20230826_154558-768x1362.jpg 768w, http:\/\/commune-loffre.fr\/wp-content\/uploads\/2023\/09\/20230826_154558-866x1536.jpg 866w, http:\/\/commune-loffre.fr\/wp-content\/uploads\/2023\/09\/20230826_154558-1155x2048.jpg 1155w, http:\/\/commune-loffre.fr\/wp-content\/uploads\/2023\/09\/20230826_154558-624x1106.jpg 624w, http:\/\/commune-loffre.fr\/wp-content\/uploads\/2023\/09\/20230826_154558-scaled.jpg 1444w\" sizes=\"(max-width: 578px) 100vw, 578px\" \/><\/figure>\n\n\n\n<figure class=\"wp-block-image size-large\"><img loading=\"lazy\" decoding=\"async\" width=\"1024\" height=\"576\" data-id=\"6968\" src=\"http:\/\/commune-loffre.fr\/wp-content\/uploads\/2023\/09\/20230826_205124-Copie-1024x576.jpg\" alt=\"\" class=\"wp-image-6968\" srcset=\"http:\/\/commune-loffre.fr\/wp-content\/uploads\/2023\/09\/20230826_205124-Copie-1024x576.jpg 1024w, http:\/\/commune-loffre.fr\/wp-content\/uploads\/2023\/09\/20230826_205124-Copie-300x169.jpg 300w, http:\/\/commune-loffre.fr\/wp-content\/uploads\/2023\/09\/20230826_205124-Copie-768x432.jpg 768w, http:\/\/commune-loffre.fr\/wp-content\/uploads\/2023\/09\/20230826_205124-Copie-1536x864.jpg 1536w, http:\/\/commune-loffre.fr\/wp-content\/uploads\/2023\/09\/20230826_205124-Copie-2048x1152.jpg 2048w, http:\/\/commune-loffre.fr\/wp-content\/uploads\/2023\/09\/20230826_205124-Copie-624x351.jpg 624w\" sizes=\"(max-width: 1024px) 100vw, 1024px\" \/><\/figure>\n\n\n\n<figure class=\"wp-block-image size-large\"><img loading=\"lazy\" decoding=\"async\" width=\"1024\" height=\"576\" data-id=\"6974\" src=\"http:\/\/commune-loffre.fr\/wp-content\/uploads\/2023\/09\/20230826_221856-1024x576.jpg\" alt=\"\" class=\"wp-image-6974\" srcset=\"http:\/\/commune-loffre.fr\/wp-content\/uploads\/2023\/09\/20230826_221856-1024x576.jpg 1024w, http:\/\/commune-loffre.fr\/wp-content\/uploads\/2023\/09\/20230826_221856-300x169.jpg 300w, http:\/\/commune-loffre.fr\/wp-content\/uploads\/2023\/09\/20230826_221856-768x432.jpg 768w, http:\/\/commune-loffre.fr\/wp-content\/uploads\/2023\/09\/20230826_221856-1536x864.jpg 1536w, http:\/\/commune-loffre.fr\/wp-content\/uploads\/2023\/09\/20230826_221856-2048x1152.jpg 2048w, http:\/\/commune-loffre.fr\/wp-content\/uploads\/2023\/09\/20230826_221856-624x351.jpg 624w\" sizes=\"(max-width: 1024px) 100vw, 1024px\" \/><\/figure>\n\n\n\n<figure class=\"wp-block-image size-large\"><img loading=\"lazy\" decoding=\"async\" width=\"1024\" height=\"578\" data-id=\"6975\" src=\"http:\/\/commune-loffre.fr\/wp-content\/uploads\/2023\/09\/20230826_224402-1024x578.jpg\" alt=\"\" class=\"wp-image-6975\" srcset=\"http:\/\/commune-loffre.fr\/wp-content\/uploads\/2023\/09\/20230826_224402-1024x578.jpg 1024w, http:\/\/commune-loffre.fr\/wp-content\/uploads\/2023\/09\/20230826_224402-300x169.jpg 300w, http:\/\/commune-loffre.fr\/wp-content\/uploads\/2023\/09\/20230826_224402-768x433.jpg 768w, http:\/\/commune-loffre.fr\/wp-content\/uploads\/2023\/09\/20230826_224402-1536x866.jpg 1536w, http:\/\/commune-loffre.fr\/wp-content\/uploads\/2023\/09\/20230826_224402-2048x1155.jpg 2048w, http:\/\/commune-loffre.fr\/wp-content\/uploads\/2023\/09\/20230826_224402-624x352.jpg 624w\" sizes=\"(max-width: 1024px) 100vw, 1024px\" \/><\/figure>\n<\/figure>\n\n\n\n<p><br>La matin\u00e9e s&rsquo;est achev\u00e9e par le verre de l&rsquo;amiti\u00e9.<br>L&rsquo;apr\u00e8s-midi \u00e9tait d\u00e9di\u00e9 aux enfants et aux joueurs de cartes. Le parking de la salle polyvalente a \u00e9t\u00e9 transform\u00e9 pour l&rsquo;occasion en aire de jeux gonflables. Le Comit\u00e9 des F\u00eates avait pens\u00e9 \u00e0 tout : pop corn et barbe \u00e0 papa \u00e9taient offerts aux enfants.<br>Pendant que les petits se d\u00e9foulaient dans les structures les plus grands participaient au concours de belote organis\u00e9 par Loffre Loisirs.<br>D\u00e8s 19h, au stade, Ludovicus a fait la premi\u00e8re partie pendant que les tr\u00e8s nombreux amateurs de musique se restauraient.<br>Vers 21h, retour dans les ann\u00e9es 80 avec un magnifique spectacle de la compagnie Fever 80.<br>Cette tr\u00e8s jolie journ\u00e9e s&rsquo;est achev\u00e9e par un feu d&rsquo;artifice qui a \u00e9clair\u00e9 le ciel de Loffre de toutes les couleurs.<br>Merci \u00e0 toutes les associations qui ont particip\u00e9 activement et qui ont fait de ce samedi une belle r\u00e9ussite. Merci sp\u00e9cial au Comit\u00e9 des F\u00eates pour avoir organis\u00e9 et coordonn\u00e9 les diff\u00e9rentes activit\u00e9s.<\/p>\n\n\n\n<figure class=\"wp-block-gallery has-nested-images columns-default is-cropped wp-block-gallery-4 is-layout-flex wp-block-gallery-is-layout-flex\">\n<figure class=\"wp-block-image size-large\"><img loading=\"lazy\" decoding=\"async\" width=\"1024\" height=\"576\" data-id=\"6963\" src=\"http:\/\/commune-loffre.fr\/wp-content\/uploads\/2023\/09\/20230826_100439-1024x576.jpg\" alt=\"\" class=\"wp-image-6963\" srcset=\"http:\/\/commune-loffre.fr\/wp-content\/uploads\/2023\/09\/20230826_100439-1024x576.jpg 1024w, http:\/\/commune-loffre.fr\/wp-content\/uploads\/2023\/09\/20230826_100439-300x169.jpg 300w, http:\/\/commune-loffre.fr\/wp-content\/uploads\/2023\/09\/20230826_100439-768x432.jpg 768w, http:\/\/commune-loffre.fr\/wp-content\/uploads\/2023\/09\/20230826_100439-1536x864.jpg 1536w, http:\/\/commune-loffre.fr\/wp-content\/uploads\/2023\/09\/20230826_100439-2048x1152.jpg 2048w, http:\/\/commune-loffre.fr\/wp-content\/uploads\/2023\/09\/20230826_100439-624x351.jpg 624w\" sizes=\"(max-width: 1024px) 100vw, 1024px\" \/><\/figure>\n\n\n\n<figure class=\"wp-block-image size-large\"><img loading=\"lazy\" decoding=\"async\" width=\"1024\" height=\"576\" data-id=\"6962\" src=\"http:\/\/commune-loffre.fr\/wp-content\/uploads\/2023\/09\/20230826_100451-Copie-1024x576.jpg\" alt=\"\" class=\"wp-image-6962\" srcset=\"http:\/\/commune-loffre.fr\/wp-content\/uploads\/2023\/09\/20230826_100451-Copie-1024x576.jpg 1024w, http:\/\/commune-loffre.fr\/wp-content\/uploads\/2023\/09\/20230826_100451-Copie-300x169.jpg 300w, http:\/\/commune-loffre.fr\/wp-content\/uploads\/2023\/09\/20230826_100451-Copie-768x432.jpg 768w, http:\/\/commune-loffre.fr\/wp-content\/uploads\/2023\/09\/20230826_100451-Copie-1536x864.jpg 1536w, http:\/\/commune-loffre.fr\/wp-content\/uploads\/2023\/09\/20230826_100451-Copie-2048x1152.jpg 2048w, http:\/\/commune-loffre.fr\/wp-content\/uploads\/2023\/09\/20230826_100451-Copie-624x351.jpg 624w\" sizes=\"(max-width: 1024px) 100vw, 1024px\" \/><\/figure>\n\n\n\n<figure class=\"wp-block-image size-large\"><img loading=\"lazy\" decoding=\"async\" width=\"1024\" height=\"576\" data-id=\"6960\" src=\"http:\/\/commune-loffre.fr\/wp-content\/uploads\/2023\/09\/20230826_102010-Copie-1024x576.jpg\" alt=\"\" class=\"wp-image-6960\" srcset=\"http:\/\/commune-loffre.fr\/wp-content\/uploads\/2023\/09\/20230826_102010-Copie-1024x576.jpg 1024w, http:\/\/commune-loffre.fr\/wp-content\/uploads\/2023\/09\/20230826_102010-Copie-300x169.jpg 300w, http:\/\/commune-loffre.fr\/wp-content\/uploads\/2023\/09\/20230826_102010-Copie-768x432.jpg 768w, http:\/\/commune-loffre.fr\/wp-content\/uploads\/2023\/09\/20230826_102010-Copie-1536x864.jpg 1536w, http:\/\/commune-loffre.fr\/wp-content\/uploads\/2023\/09\/20230826_102010-Copie-2048x1152.jpg 2048w, http:\/\/commune-loffre.fr\/wp-content\/uploads\/2023\/09\/20230826_102010-Copie-624x351.jpg 624w\" sizes=\"(max-width: 1024px) 100vw, 1024px\" \/><\/figure>\n\n\n\n<figure class=\"wp-block-image size-large\"><img loading=\"lazy\" decoding=\"async\" width=\"1024\" height=\"576\" data-id=\"6961\" src=\"http:\/\/commune-loffre.fr\/wp-content\/uploads\/2023\/09\/20230826_102511-1024x576.jpg\" alt=\"\" class=\"wp-image-6961\" srcset=\"http:\/\/commune-loffre.fr\/wp-content\/uploads\/2023\/09\/20230826_102511-1024x576.jpg 1024w, http:\/\/commune-loffre.fr\/wp-content\/uploads\/2023\/09\/20230826_102511-300x169.jpg 300w, http:\/\/commune-loffre.fr\/wp-content\/uploads\/2023\/09\/20230826_102511-768x432.jpg 768w, http:\/\/commune-loffre.fr\/wp-content\/uploads\/2023\/09\/20230826_102511-1536x864.jpg 1536w, http:\/\/commune-loffre.fr\/wp-content\/uploads\/2023\/09\/20230826_102511-2048x1152.jpg 2048w, http:\/\/commune-loffre.fr\/wp-content\/uploads\/2023\/09\/20230826_102511-624x351.jpg 624w\" sizes=\"(max-width: 1024px) 100vw, 1024px\" \/><\/figure>\n<\/figure>\n","protected":false},"excerpt":{"rendered":"<p>La 3\u00e8 f\u00eate de la Tiote Tomate a d\u00e9but\u00e9 samedi 26 ao\u00fbt au matin avec les r\u00e9sultats du concours des maisons fleuries organis\u00e9 par la Brigade Verte. Chacun a pu&#8230; <a href=\"http:\/\/commune-loffre.fr\/index.php\/2023\/09\/04\/fete-de-la-tiote-tomate-2\/\">Read more &raquo;<\/a><\/p>\n","protected":false},"author":1,"featured_media":6961,"comment_status":"closed","ping_status":"closed","sticky":false,"template":"","format":"standard","meta":{"footnotes":""},"categories":[1],"tags":[],"_links":{"self":[{"href":"http:\/\/commune-loffre.fr\/index.php\/wp-json\/wp\/v2\/posts\/6936"}],"collection":[{"href":"http:\/\/commune-loffre.fr\/index.php\/wp-json\/wp\/v2\/posts"}],"about":[{"href":"http:\/\/commune-loffre.fr\/index.php\/wp-json\/wp\/v2\/types\/post"}],"author":[{"embeddable":true,"href":"http:\/\/commune-loffre.fr\/index.php\/wp-json\/wp\/v2\/users\/1"}],"replies":[{"embeddable":true,"href":"http:\/\/commune-loffre.fr\/index.php\/wp-json\/wp\/v2\/comments?post=6936"}],"version-history":[{"count":4,"href":"http:\/\/commune-loffre.fr\/index.php\/wp-json\/wp\/v2\/posts\/6936\/revisions"}],"predecessor-version":[{"id":6976,"href":"http:\/\/commune-loffre.fr\/index.php\/wp-json\/wp\/v2\/posts\/6936\/revisions\/6976"}],"wp:featuredmedia":[{"embeddable":true,"href":"http:\/\/commune-loffre.fr\/index.php\/wp-json\/wp\/v2\/media\/6961"}],"wp:attachment":[{"href":"http:\/\/commune-loffre.fr\/index.php\/wp-json\/wp\/v2\/media?parent=6936"}],"wp:term":[{"taxonomy":"category","embeddable":true,"href":"http:\/\/commune-loffre.fr\/index.php\/wp-json\/wp\/v2\/categories?post=6936"},{"taxonomy":"post_tag","embeddable":true,"href":"http:\/\/commune-loffre.fr\/index.php\/wp-json\/wp\/v2\/tags?post=6936"}],"curies":[{"name":"wp","href":"https:\/\/api.w.org\/{rel}","templated":true}]}}