{"id":6894,"date":"2023-07-17T22:07:11","date_gmt":"2023-07-17T21:07:11","guid":{"rendered":"http:\/\/commune-loffre.fr\/?p=6894"},"modified":"2023-07-17T22:09:18","modified_gmt":"2023-07-17T21:09:18","slug":"aide-a-lachat-de-velo-electrique","status":"publish","type":"post","link":"http:\/\/commune-loffre.fr\/index.php\/2023\/07\/17\/aide-a-lachat-de-velo-electrique\/","title":{"rendered":"Aide \u00e0 l&rsquo;achat de V\u00e9lo Electrique"},"content":{"rendered":"\n<p>Dans le cadre du Plan Climat Air \u00c9nergie Territorial, la communaut\u00e9 de communes C\u0153ur d&rsquo;Ostrevent (CCCO) met en place un dispositif d&rsquo;aide financi\u00e8re pour l&rsquo;acquisition d&rsquo;un v\u00e9lo \u00e0 assistance \u00e9lectrique (VAE) neuf qui permet :<\/p>\n\n\n\n<ul>\n<li>D&rsquo;aider les habitants du territoire d\u00e9sireux d&rsquo;acqu\u00e9rir un VAE.<\/li>\n\n\n\n<li>Que les acqu\u00e9reurs de VAE b\u00e9n\u00e9ficient de l&rsquo;aide de l\u2019\u00c9tat (sous conditions) car celle-ci n&rsquo;est vers\u00e9e que si une<\/li>\n\n\n\n<li>collectivit\u00e9 territoriale verse d\u00e9j\u00e0 une aide.<\/li>\n\n\n\n<li>De favoriser la mobilit\u00e9 douce et la pratique du v\u00e9lo.<\/li>\n\n\n\n<li>D&rsquo;am\u00e9liorer la sant\u00e9 avec la pratique d&rsquo;une activit\u00e9 physique r\u00e9guli\u00e8re.<\/li>\n\n\n\n<li>D&rsquo;am\u00e9liorer la qualit\u00e9 de l&rsquo;air.<\/li>\n<\/ul>\n\n\n\n<p>Afin de vous accompagner dans votre projet d&rsquo;achat, l&rsquo;\u00e9laboration de votre dossier et de conna\u00eetre les fonds<br>disponible, contactez en amont de votre achat le service environnement et cadre de vie de la CCCO :<br>03.27.71.37.44<\/p>\n\n\n\n<div data-wp-interactive=\"\" class=\"wp-block-file\"><object data-wp-bind--hidden=\"!selectors.core.file.hasPdfPreview\" hidden class=\"wp-block-file__embed\" data=\"http:\/\/commune-loffre.fr\/wp-content\/uploads\/2023\/07\/Reglement.pdf\" type=\"application\/pdf\" style=\"width:100%;height:600px\" aria-label=\"Contenu embarqu\u00e9 R\u00e9glement.\"><\/object><a id=\"wp-block-file--media-f1005ed4-17b7-4646-9c2f-b8ea8454d408\" href=\"http:\/\/commune-loffre.fr\/wp-content\/uploads\/2023\/07\/Reglement.pdf\">R\u00e9glement<\/a><a href=\"http:\/\/commune-loffre.fr\/wp-content\/uploads\/2023\/07\/Reglement.pdf\" class=\"wp-block-file__button wp-element-button\" download aria-describedby=\"wp-block-file--media-f1005ed4-17b7-4646-9c2f-b8ea8454d408\">T\u00e9l\u00e9charger<\/a><\/div>\n\n\n\n<div data-wp-interactive=\"\" class=\"wp-block-file\"><object data-wp-bind--hidden=\"!selectors.core.file.hasPdfPreview\" hidden class=\"wp-block-file__embed\" data=\"http:\/\/commune-loffre.fr\/wp-content\/uploads\/2023\/07\/Formulaire-de-demande.pdf\" type=\"application\/pdf\" style=\"width:100%;height:600px\" aria-label=\"Contenu embarqu\u00e9 Formulaire de demande.\"><\/object><a id=\"wp-block-file--media-590b618e-087c-4771-b7e7-dea8bdc7dbb7\" href=\"http:\/\/commune-loffre.fr\/wp-content\/uploads\/2023\/07\/Formulaire-de-demande.pdf\">Formulaire de demande<\/a><a href=\"http:\/\/commune-loffre.fr\/wp-content\/uploads\/2023\/07\/Formulaire-de-demande.pdf\" class=\"wp-block-file__button wp-element-button\" download aria-describedby=\"wp-block-file--media-590b618e-087c-4771-b7e7-dea8bdc7dbb7\">T\u00e9l\u00e9charger<\/a><\/div>\n\n\n\n<div data-wp-interactive=\"\" class=\"wp-block-file\"><object data-wp-bind--hidden=\"!selectors.core.file.hasPdfPreview\" hidden class=\"wp-block-file__embed\" data=\"http:\/\/commune-loffre.fr\/wp-content\/uploads\/2023\/07\/vae-pdf.pdf\" type=\"application\/pdf\" style=\"width:100%;height:600px\" aria-label=\"Contenu embarqu\u00e9 vae pdf.\"><\/object><a id=\"wp-block-file--media-d6f1e9db-1416-4838-96dc-c046f7595174\" href=\"http:\/\/commune-loffre.fr\/wp-content\/uploads\/2023\/07\/vae-pdf.pdf\">vae pdf<\/a><a href=\"http:\/\/commune-loffre.fr\/wp-content\/uploads\/2023\/07\/vae-pdf.pdf\" class=\"wp-block-file__button wp-element-button\" download aria-describedby=\"wp-block-file--media-d6f1e9db-1416-4838-96dc-c046f7595174\">T\u00e9l\u00e9charger<\/a><\/div>\n\n\n\n<div data-wp-interactive=\"\" class=\"wp-block-file\"><object data-wp-bind--hidden=\"!selectors.core.file.hasPdfPreview\" hidden class=\"wp-block-file__embed\" data=\"http:\/\/commune-loffre.fr\/wp-content\/uploads\/2023\/07\/Attestation-sur-lhonneur.pdf\" type=\"application\/pdf\" style=\"width:100%;height:600px\" aria-label=\"Contenu embarqu\u00e9 Attestation sur l'honneur.\"><\/object><a id=\"wp-block-file--media-2278bd82-d149-4a0c-98a3-c4c2241873a8\" href=\"http:\/\/commune-loffre.fr\/wp-content\/uploads\/2023\/07\/Attestation-sur-lhonneur.pdf\">Attestation sur l&rsquo;honneur<\/a><a href=\"http:\/\/commune-loffre.fr\/wp-content\/uploads\/2023\/07\/Attestation-sur-lhonneur.pdf\" class=\"wp-block-file__button wp-element-button\" download aria-describedby=\"wp-block-file--media-2278bd82-d149-4a0c-98a3-c4c2241873a8\">T\u00e9l\u00e9charger<\/a><\/div>\n","protected":false},"excerpt":{"rendered":"<p>Dans le cadre du Plan Climat Air \u00c9nergie Territorial, la communaut\u00e9 de communes C\u0153ur d&rsquo;Ostrevent (CCCO) met en place un dispositif d&rsquo;aide financi\u00e8re pour l&rsquo;acquisition d&rsquo;un v\u00e9lo \u00e0 assistance \u00e9lectrique&#8230; <a href=\"http:\/\/commune-loffre.fr\/index.php\/2023\/07\/17\/aide-a-lachat-de-velo-electrique\/\">Read more &raquo;<\/a><\/p>\n","protected":false},"author":1,"featured_media":0,"comment_status":"closed","ping_status":"closed","sticky":false,"template":"","format":"standard","meta":{"footnotes":""},"categories":[1],"tags":[],"_links":{"self":[{"href":"http:\/\/commune-loffre.fr\/index.php\/wp-json\/wp\/v2\/posts\/6894"}],"collection":[{"href":"http:\/\/commune-loffre.fr\/index.php\/wp-json\/wp\/v2\/posts"}],"about":[{"href":"http:\/\/commune-loffre.fr\/index.php\/wp-json\/wp\/v2\/types\/post"}],"author":[{"embeddable":true,"href":"http:\/\/commune-loffre.fr\/index.php\/wp-json\/wp\/v2\/users\/1"}],"replies":[{"embeddable":true,"href":"http:\/\/commune-loffre.fr\/index.php\/wp-json\/wp\/v2\/comments?post=6894"}],"version-history":[{"count":3,"href":"http:\/\/commune-loffre.fr\/index.php\/wp-json\/wp\/v2\/posts\/6894\/revisions"}],"predecessor-version":[{"id":6901,"href":"http:\/\/commune-loffre.fr\/index.php\/wp-json\/wp\/v2\/posts\/6894\/revisions\/6901"}],"wp:attachment":[{"href":"http:\/\/commune-loffre.fr\/index.php\/wp-json\/wp\/v2\/media?parent=6894"}],"wp:term":[{"taxonomy":"category","embeddable":true,"href":"http:\/\/commune-loffre.fr\/index.php\/wp-json\/wp\/v2\/categories?post=6894"},{"taxonomy":"post_tag","embeddable":true,"href":"http:\/\/commune-loffre.fr\/index.php\/wp-json\/wp\/v2\/tags?post=6894"}],"curies":[{"name":"wp","href":"https:\/\/api.w.org\/{rel}","templated":true}]}}