{"id":682,"date":"2016-06-08T19:57:52","date_gmt":"2016-06-08T18:57:52","guid":{"rendered":"http:\/\/commune-loffre.fr\/?p=682"},"modified":"2016-06-08T19:57:52","modified_gmt":"2016-06-08T18:57:52","slug":"commemoration-de-la-journee-nationale-dhommage-aux-morts-pour-la-france-en-indochine","status":"publish","type":"post","link":"http:\/\/commune-loffre.fr\/index.php\/2016\/06\/08\/commemoration-de-la-journee-nationale-dhommage-aux-morts-pour-la-france-en-indochine\/","title":{"rendered":"Comm\u00e9moration de la journ\u00e9e nationale d\u2019hommage aux morts pour la France en Indochine"},"content":{"rendered":"<p>Les anciens combattants de Loffre, Monsieur le Maire et le conseil municipal se sont rendus au monument aux Morts, le mercredi 8 Juin \u00e0 19 heures, afin de comm\u00e9morer \u00ab\u00a0la journ\u00e9e Nationale d\u2019Hommage aux Morts pour la France en Indochine\u00a0\u00bb. Monsieur le Maire et Monsieur Joseph BOUREL, Pr\u00e9sident des Anciens Combattants de Loffre, ont d\u00e9pos\u00e9 une gerbe et apr\u00e8s lecture du discours de Monsieur Jean-Marc TODESCHINI, Secr\u00e9taire d&rsquo;Etat aux anciens combattants et \u00e0 la m\u00e9moire, une minute de silence a \u00e9t\u00e9 respect\u00e9e. A l\u2019issue de la c\u00e9r\u00e9monie, le verre de l\u2019amiti\u00e9 a \u00e9t\u00e9 offert par la municipalit\u00e9.<\/p>\n\n\t\t<style type=\"text\/css\">\n\t\t\t#gallery-1 {\n\t\t\t\tmargin: auto;\n\t\t\t}\n\t\t\t#gallery-1 .gallery-item {\n\t\t\t\tfloat: left;\n\t\t\t\tmargin-top: 10px;\n\t\t\t\ttext-align: center;\n\t\t\t\twidth: 50%;\n\t\t\t}\n\t\t\t#gallery-1 img {\n\t\t\t\tborder: 2px solid #cfcfcf;\n\t\t\t}\n\t\t\t#gallery-1 .gallery-caption {\n\t\t\t\tmargin-left: 0;\n\t\t\t}\n\t\t\t\/* see gallery_shortcode() in wp-includes\/media.php *\/\n\t\t<\/style>\n\t\t<div id='gallery-1' class='gallery galleryid-682 gallery-columns-2 gallery-size-thumbnail'><dl class='gallery-item'>\n\t\t\t<dt class='gallery-icon landscape'>\n\t\t\t\t<a href='http:\/\/commune-loffre.fr\/index.php\/2016\/06\/08\/commemoration-de-la-journee-nationale-dhommage-aux-morts-pour-la-france-en-indochine\/olympus-digital-camera-67\/'><img loading=\"lazy\" decoding=\"async\" width=\"150\" height=\"150\" src=\"http:\/\/commune-loffre.fr\/wp-content\/uploads\/2016\/06\/P6080003-150x150.jpg\" class=\"attachment-thumbnail size-thumbnail\" alt=\"\" srcset=\"http:\/\/commune-loffre.fr\/wp-content\/uploads\/2016\/06\/P6080003-150x150.jpg 150w, http:\/\/commune-loffre.fr\/wp-content\/uploads\/2016\/06\/P6080003-180x180.jpg 180w, http:\/\/commune-loffre.fr\/wp-content\/uploads\/2016\/06\/P6080003-60x60.jpg 60w\" sizes=\"(max-width: 150px) 100vw, 150px\" \/><\/a>\n\t\t\t<\/dt><\/dl><dl class='gallery-item'>\n\t\t\t<dt class='gallery-icon portrait'>\n\t\t\t\t<a href='http:\/\/commune-loffre.fr\/index.php\/2016\/06\/08\/commemoration-de-la-journee-nationale-dhommage-aux-morts-pour-la-france-en-indochine\/olympus-digital-camera-68\/'><img loading=\"lazy\" decoding=\"async\" width=\"150\" height=\"150\" src=\"http:\/\/commune-loffre.fr\/wp-content\/uploads\/2016\/06\/P6080012-150x150.jpg\" class=\"attachment-thumbnail size-thumbnail\" alt=\"\" srcset=\"http:\/\/commune-loffre.fr\/wp-content\/uploads\/2016\/06\/P6080012-150x150.jpg 150w, http:\/\/commune-loffre.fr\/wp-content\/uploads\/2016\/06\/P6080012-180x180.jpg 180w, http:\/\/commune-loffre.fr\/wp-content\/uploads\/2016\/06\/P6080012-60x60.jpg 60w\" sizes=\"(max-width: 150px) 100vw, 150px\" \/><\/a>\n\t\t\t<\/dt><\/dl><br style=\"clear: both\" \/>\n\t\t<\/div>\n\n","protected":false},"excerpt":{"rendered":"<p>Les anciens combattants de Loffre, Monsieur le Maire et le conseil municipal se sont rendus au monument aux Morts, le mercredi 8 Juin \u00e0 19 heures, afin de comm\u00e9morer \u00ab\u00a0la&#8230; <a href=\"http:\/\/commune-loffre.fr\/index.php\/2016\/06\/08\/commemoration-de-la-journee-nationale-dhommage-aux-morts-pour-la-france-en-indochine\/\">Read more &raquo;<\/a><\/p>\n","protected":false},"author":1,"featured_media":0,"comment_status":"closed","ping_status":"closed","sticky":false,"template":"","format":"standard","meta":{"footnotes":""},"categories":[1],"tags":[],"_links":{"self":[{"href":"http:\/\/commune-loffre.fr\/index.php\/wp-json\/wp\/v2\/posts\/682"}],"collection":[{"href":"http:\/\/commune-loffre.fr\/index.php\/wp-json\/wp\/v2\/posts"}],"about":[{"href":"http:\/\/commune-loffre.fr\/index.php\/wp-json\/wp\/v2\/types\/post"}],"author":[{"embeddable":true,"href":"http:\/\/commune-loffre.fr\/index.php\/wp-json\/wp\/v2\/users\/1"}],"replies":[{"embeddable":true,"href":"http:\/\/commune-loffre.fr\/index.php\/wp-json\/wp\/v2\/comments?post=682"}],"version-history":[{"count":1,"href":"http:\/\/commune-loffre.fr\/index.php\/wp-json\/wp\/v2\/posts\/682\/revisions"}],"predecessor-version":[{"id":685,"href":"http:\/\/commune-loffre.fr\/index.php\/wp-json\/wp\/v2\/posts\/682\/revisions\/685"}],"wp:attachment":[{"href":"http:\/\/commune-loffre.fr\/index.php\/wp-json\/wp\/v2\/media?parent=682"}],"wp:term":[{"taxonomy":"category","embeddable":true,"href":"http:\/\/commune-loffre.fr\/index.php\/wp-json\/wp\/v2\/categories?post=682"},{"taxonomy":"post_tag","embeddable":true,"href":"http:\/\/commune-loffre.fr\/index.php\/wp-json\/wp\/v2\/tags?post=682"}],"curies":[{"name":"wp","href":"https:\/\/api.w.org\/{rel}","templated":true}]}}