{"id":6783,"date":"2023-05-10T19:20:23","date_gmt":"2023-05-10T18:20:23","guid":{"rendered":"http:\/\/commune-loffre.fr\/?p=6783"},"modified":"2023-05-10T19:21:21","modified_gmt":"2023-05-10T18:21:21","slug":"commemoration-du-8-mai-1945","status":"publish","type":"post","link":"http:\/\/commune-loffre.fr\/index.php\/2023\/05\/10\/commemoration-du-8-mai-1945\/","title":{"rendered":"Comm\u00e9moration du 8 mai 1945"},"content":{"rendered":"\n<p>Le Maire Eric Gouy, le conseil municipal, le conseil municipal des enfants, les anciens combattants ainsi que de nombreux Loffriens sont venus ce matin rendre hommage aux victimes de la 2\u00e8 guerre mondiale qui se sont battus pour la paix. <br>\nCette ann\u00e9e, le caract\u00e8re interg\u00e9n\u00e9rationnel de la comm\u00e9moration \u00e9tait renforc\u00e9 par la pr\u00e9sence des \u00e9l\u00e8ves de l\u2019\u00e9cole Henri Matisse qui ont chant\u00e9 avec tout leur c\u0153ur la Marseillaise et le Chant des Partisans. <br>\n3 loffriens se sont ont \u00e9t\u00e9 mis \u00e0 l\u2019honneur pour leur carri\u00e8re professionnelle :<\/p>\n\n\n\n<ul><li>Mme LAVERSIN St\u00e9phanie :  dipl\u00f4me correspondant \u00e0 la m\u00e9daille d\u2019honneur du travail \u00e9chelon Argent en r\u00e9compense de 20 ans de services en tant que vendeuse de produits et services \u00e0 AUCHAN Sin le Noble.<\/li><li>M. PAUL Jean Fran\u00e7ois :  dipl\u00f4me correspondant \u00e0 la m\u00e9daille d\u2019honneur du travail \u00e9chelon Grand Or en r\u00e9compense de 40 ans de services en tant que Manager logistique chez CARREFOUR SUPPLY \u00e0 Vendin le Vieil.<\/li><li>M. SZYPRUK Michel :  dipl\u00f4me correspondant \u00e0 la m\u00e9daille du travail \u00e9chelon Grand Or pour 40 ans de service en tant que Directeur Etudes de Prix chez RAMERY B\u00e2timent \u00e0 AVION.\nLe traditionnel  verre de l\u2019amiti\u00e9 a \u00e9t\u00e9 offert par la municipalit\u00e9.<\/li><\/ul>\n\n\n\n<p>Ce fut une tr\u00e8s belle c\u00e9r\u00e9monie qui a permis d\u2019honorer la m\u00e9moire de ceux disparus au nom de la libert\u00e9.<\/p>\n\n\n\n<ul class=\"wp-block-gallery columns-3 is-cropped wp-block-gallery-1 is-layout-flex wp-block-gallery-is-layout-flex\"><li class=\"blocks-gallery-item\"><figure><img loading=\"lazy\" decoding=\"async\" width=\"1024\" height=\"576\" src=\"http:\/\/commune-loffre.fr\/wp-content\/uploads\/2023\/05\/20230508_110723-1024x576.jpg\" alt=\"\" data-id=\"6784\" data-link=\"http:\/\/commune-loffre.fr\/index.php\/2023\/05\/10\/commemoration-du-8-mai-1945\/20230508_110723\/\" class=\"wp-image-6784\" srcset=\"http:\/\/commune-loffre.fr\/wp-content\/uploads\/2023\/05\/20230508_110723-1024x576.jpg 1024w, http:\/\/commune-loffre.fr\/wp-content\/uploads\/2023\/05\/20230508_110723-300x169.jpg 300w, http:\/\/commune-loffre.fr\/wp-content\/uploads\/2023\/05\/20230508_110723-768x432.jpg 768w, http:\/\/commune-loffre.fr\/wp-content\/uploads\/2023\/05\/20230508_110723-624x351.jpg 624w\" sizes=\"(max-width: 1024px) 100vw, 1024px\" \/><\/figure><\/li><li class=\"blocks-gallery-item\"><figure><img loading=\"lazy\" decoding=\"async\" width=\"576\" height=\"1024\" src=\"http:\/\/commune-loffre.fr\/wp-content\/uploads\/2023\/05\/20230508_110729-e1683742735410-576x1024.jpg\" alt=\"\" data-id=\"6785\" data-link=\"http:\/\/commune-loffre.fr\/index.php\/2023\/05\/10\/commemoration-du-8-mai-1945\/20230508_110729\/\" class=\"wp-image-6785\" srcset=\"http:\/\/commune-loffre.fr\/wp-content\/uploads\/2023\/05\/20230508_110729-e1683742735410-576x1024.jpg 576w, http:\/\/commune-loffre.fr\/wp-content\/uploads\/2023\/05\/20230508_110729-e1683742735410-169x300.jpg 169w, http:\/\/commune-loffre.fr\/wp-content\/uploads\/2023\/05\/20230508_110729-e1683742735410-768x1365.jpg 768w, http:\/\/commune-loffre.fr\/wp-content\/uploads\/2023\/05\/20230508_110729-e1683742735410-624x1109.jpg 624w\" sizes=\"(max-width: 576px) 100vw, 576px\" \/><\/figure><\/li><li class=\"blocks-gallery-item\"><figure><img loading=\"lazy\" decoding=\"async\" width=\"576\" height=\"1024\" src=\"http:\/\/commune-loffre.fr\/wp-content\/uploads\/2023\/05\/20230508_110905-e1683742763160-576x1024.jpg\" alt=\"\" data-id=\"6786\" data-link=\"http:\/\/commune-loffre.fr\/index.php\/2023\/05\/10\/commemoration-du-8-mai-1945\/20230508_110905\/\" class=\"wp-image-6786\" srcset=\"http:\/\/commune-loffre.fr\/wp-content\/uploads\/2023\/05\/20230508_110905-e1683742763160-576x1024.jpg 576w, http:\/\/commune-loffre.fr\/wp-content\/uploads\/2023\/05\/20230508_110905-e1683742763160-169x300.jpg 169w, http:\/\/commune-loffre.fr\/wp-content\/uploads\/2023\/05\/20230508_110905-e1683742763160-768x1365.jpg 768w, http:\/\/commune-loffre.fr\/wp-content\/uploads\/2023\/05\/20230508_110905-e1683742763160-624x1109.jpg 624w\" sizes=\"(max-width: 576px) 100vw, 576px\" \/><\/figure><\/li><li class=\"blocks-gallery-item\"><figure><img loading=\"lazy\" decoding=\"async\" width=\"576\" height=\"1024\" src=\"http:\/\/commune-loffre.fr\/wp-content\/uploads\/2023\/05\/20230508_110909-e1683742781433-576x1024.jpg\" alt=\"\" data-id=\"6787\" data-link=\"http:\/\/commune-loffre.fr\/index.php\/2023\/05\/10\/commemoration-du-8-mai-1945\/20230508_110909\/\" class=\"wp-image-6787\" srcset=\"http:\/\/commune-loffre.fr\/wp-content\/uploads\/2023\/05\/20230508_110909-e1683742781433-576x1024.jpg 576w, http:\/\/commune-loffre.fr\/wp-content\/uploads\/2023\/05\/20230508_110909-e1683742781433-169x300.jpg 169w, http:\/\/commune-loffre.fr\/wp-content\/uploads\/2023\/05\/20230508_110909-e1683742781433-768x1365.jpg 768w, http:\/\/commune-loffre.fr\/wp-content\/uploads\/2023\/05\/20230508_110909-e1683742781433-624x1109.jpg 624w\" sizes=\"(max-width: 576px) 100vw, 576px\" \/><\/figure><\/li><li class=\"blocks-gallery-item\"><figure><img loading=\"lazy\" decoding=\"async\" width=\"1024\" height=\"576\" src=\"http:\/\/commune-loffre.fr\/wp-content\/uploads\/2023\/05\/20230508_112638-1024x576.jpg\" alt=\"\" data-id=\"6788\" data-link=\"http:\/\/commune-loffre.fr\/index.php\/2023\/05\/10\/commemoration-du-8-mai-1945\/20230508_112638\/\" class=\"wp-image-6788\" srcset=\"http:\/\/commune-loffre.fr\/wp-content\/uploads\/2023\/05\/20230508_112638-1024x576.jpg 1024w, http:\/\/commune-loffre.fr\/wp-content\/uploads\/2023\/05\/20230508_112638-300x169.jpg 300w, http:\/\/commune-loffre.fr\/wp-content\/uploads\/2023\/05\/20230508_112638-768x432.jpg 768w, http:\/\/commune-loffre.fr\/wp-content\/uploads\/2023\/05\/20230508_112638-624x351.jpg 624w\" sizes=\"(max-width: 1024px) 100vw, 1024px\" \/><\/figure><\/li><li class=\"blocks-gallery-item\"><figure><img loading=\"lazy\" decoding=\"async\" width=\"576\" height=\"1024\" src=\"http:\/\/commune-loffre.fr\/wp-content\/uploads\/2023\/05\/20230508_112715-e1683742800184-576x1024.jpg\" alt=\"\" data-id=\"6789\" data-link=\"http:\/\/commune-loffre.fr\/index.php\/2023\/05\/10\/commemoration-du-8-mai-1945\/20230508_112715\/\" class=\"wp-image-6789\" srcset=\"http:\/\/commune-loffre.fr\/wp-content\/uploads\/2023\/05\/20230508_112715-e1683742800184-576x1024.jpg 576w, http:\/\/commune-loffre.fr\/wp-content\/uploads\/2023\/05\/20230508_112715-e1683742800184-169x300.jpg 169w, http:\/\/commune-loffre.fr\/wp-content\/uploads\/2023\/05\/20230508_112715-e1683742800184-768x1365.jpg 768w, http:\/\/commune-loffre.fr\/wp-content\/uploads\/2023\/05\/20230508_112715-e1683742800184-624x1109.jpg 624w\" sizes=\"(max-width: 576px) 100vw, 576px\" \/><\/figure><\/li><li class=\"blocks-gallery-item\"><figure><img loading=\"lazy\" decoding=\"async\" width=\"1024\" height=\"576\" src=\"http:\/\/commune-loffre.fr\/wp-content\/uploads\/2023\/05\/20230508_113113-1024x576.jpg\" alt=\"\" data-id=\"6790\" data-link=\"http:\/\/commune-loffre.fr\/index.php\/2023\/05\/10\/commemoration-du-8-mai-1945\/20230508_113113\/\" class=\"wp-image-6790\" srcset=\"http:\/\/commune-loffre.fr\/wp-content\/uploads\/2023\/05\/20230508_113113-1024x576.jpg 1024w, http:\/\/commune-loffre.fr\/wp-content\/uploads\/2023\/05\/20230508_113113-300x169.jpg 300w, http:\/\/commune-loffre.fr\/wp-content\/uploads\/2023\/05\/20230508_113113-768x432.jpg 768w, http:\/\/commune-loffre.fr\/wp-content\/uploads\/2023\/05\/20230508_113113-624x351.jpg 624w\" sizes=\"(max-width: 1024px) 100vw, 1024px\" \/><\/figure><\/li><li class=\"blocks-gallery-item\"><figure><img loading=\"lazy\" decoding=\"async\" width=\"1024\" height=\"576\" src=\"http:\/\/commune-loffre.fr\/wp-content\/uploads\/2023\/05\/20230508_113208-1024x576.jpg\" alt=\"\" data-id=\"6791\" data-link=\"http:\/\/commune-loffre.fr\/index.php\/2023\/05\/10\/commemoration-du-8-mai-1945\/20230508_113208\/\" class=\"wp-image-6791\" srcset=\"http:\/\/commune-loffre.fr\/wp-content\/uploads\/2023\/05\/20230508_113208-1024x576.jpg 1024w, http:\/\/commune-loffre.fr\/wp-content\/uploads\/2023\/05\/20230508_113208-300x169.jpg 300w, http:\/\/commune-loffre.fr\/wp-content\/uploads\/2023\/05\/20230508_113208-768x432.jpg 768w, http:\/\/commune-loffre.fr\/wp-content\/uploads\/2023\/05\/20230508_113208-624x351.jpg 624w\" sizes=\"(max-width: 1024px) 100vw, 1024px\" \/><\/figure><\/li><li class=\"blocks-gallery-item\"><figure><img loading=\"lazy\" decoding=\"async\" width=\"1024\" height=\"576\" src=\"http:\/\/commune-loffre.fr\/wp-content\/uploads\/2023\/05\/20230508_113301-1024x576.jpg\" alt=\"\" data-id=\"6792\" data-link=\"http:\/\/commune-loffre.fr\/index.php\/2023\/05\/10\/commemoration-du-8-mai-1945\/20230508_113301\/\" class=\"wp-image-6792\" srcset=\"http:\/\/commune-loffre.fr\/wp-content\/uploads\/2023\/05\/20230508_113301-1024x576.jpg 1024w, http:\/\/commune-loffre.fr\/wp-content\/uploads\/2023\/05\/20230508_113301-300x169.jpg 300w, http:\/\/commune-loffre.fr\/wp-content\/uploads\/2023\/05\/20230508_113301-768x432.jpg 768w, http:\/\/commune-loffre.fr\/wp-content\/uploads\/2023\/05\/20230508_113301-624x351.jpg 624w\" sizes=\"(max-width: 1024px) 100vw, 1024px\" \/><\/figure><\/li><li class=\"blocks-gallery-item\"><figure><img loading=\"lazy\" decoding=\"async\" width=\"1024\" height=\"576\" src=\"http:\/\/commune-loffre.fr\/wp-content\/uploads\/2023\/05\/20230508_113312-1024x576.jpg\" alt=\"\" data-id=\"6793\" data-link=\"http:\/\/commune-loffre.fr\/index.php\/2023\/05\/10\/commemoration-du-8-mai-1945\/20230508_113312\/\" class=\"wp-image-6793\" srcset=\"http:\/\/commune-loffre.fr\/wp-content\/uploads\/2023\/05\/20230508_113312-1024x576.jpg 1024w, http:\/\/commune-loffre.fr\/wp-content\/uploads\/2023\/05\/20230508_113312-300x169.jpg 300w, http:\/\/commune-loffre.fr\/wp-content\/uploads\/2023\/05\/20230508_113312-768x432.jpg 768w, http:\/\/commune-loffre.fr\/wp-content\/uploads\/2023\/05\/20230508_113312-624x351.jpg 624w\" sizes=\"(max-width: 1024px) 100vw, 1024px\" \/><\/figure><\/li><li class=\"blocks-gallery-item\"><figure><img loading=\"lazy\" decoding=\"async\" width=\"1024\" height=\"578\" src=\"http:\/\/commune-loffre.fr\/wp-content\/uploads\/2023\/05\/20230508_114250-1024x578.jpg\" alt=\"\" data-id=\"6794\" data-link=\"http:\/\/commune-loffre.fr\/index.php\/2023\/05\/10\/commemoration-du-8-mai-1945\/20230508_114250\/\" class=\"wp-image-6794\" srcset=\"http:\/\/commune-loffre.fr\/wp-content\/uploads\/2023\/05\/20230508_114250-1024x578.jpg 1024w, http:\/\/commune-loffre.fr\/wp-content\/uploads\/2023\/05\/20230508_114250-300x169.jpg 300w, http:\/\/commune-loffre.fr\/wp-content\/uploads\/2023\/05\/20230508_114250-768x433.jpg 768w, http:\/\/commune-loffre.fr\/wp-content\/uploads\/2023\/05\/20230508_114250-624x352.jpg 624w\" sizes=\"(max-width: 1024px) 100vw, 1024px\" \/><\/figure><\/li><li class=\"blocks-gallery-item\"><figure><img loading=\"lazy\" decoding=\"async\" width=\"1024\" height=\"578\" src=\"http:\/\/commune-loffre.fr\/wp-content\/uploads\/2023\/05\/20230508_114554-1024x578.jpg\" alt=\"\" data-id=\"6795\" data-link=\"http:\/\/commune-loffre.fr\/index.php\/2023\/05\/10\/commemoration-du-8-mai-1945\/20230508_114554\/\" class=\"wp-image-6795\" srcset=\"http:\/\/commune-loffre.fr\/wp-content\/uploads\/2023\/05\/20230508_114554-1024x578.jpg 1024w, http:\/\/commune-loffre.fr\/wp-content\/uploads\/2023\/05\/20230508_114554-300x169.jpg 300w, http:\/\/commune-loffre.fr\/wp-content\/uploads\/2023\/05\/20230508_114554-768x433.jpg 768w, http:\/\/commune-loffre.fr\/wp-content\/uploads\/2023\/05\/20230508_114554-624x352.jpg 624w\" sizes=\"(max-width: 1024px) 100vw, 1024px\" \/><\/figure><\/li><li class=\"blocks-gallery-item\"><figure><img loading=\"lazy\" decoding=\"async\" width=\"1024\" height=\"578\" src=\"http:\/\/commune-loffre.fr\/wp-content\/uploads\/2023\/05\/20230508_114625-1024x578.jpg\" alt=\"\" data-id=\"6796\" data-link=\"http:\/\/commune-loffre.fr\/index.php\/2023\/05\/10\/commemoration-du-8-mai-1945\/20230508_114625\/\" class=\"wp-image-6796\" srcset=\"http:\/\/commune-loffre.fr\/wp-content\/uploads\/2023\/05\/20230508_114625-1024x578.jpg 1024w, http:\/\/commune-loffre.fr\/wp-content\/uploads\/2023\/05\/20230508_114625-300x169.jpg 300w, http:\/\/commune-loffre.fr\/wp-content\/uploads\/2023\/05\/20230508_114625-768x433.jpg 768w, http:\/\/commune-loffre.fr\/wp-content\/uploads\/2023\/05\/20230508_114625-624x352.jpg 624w\" sizes=\"(max-width: 1024px) 100vw, 1024px\" \/><\/figure><\/li><\/ul>\n","protected":false},"excerpt":{"rendered":"<p>Le Maire Eric Gouy, le conseil municipal, le conseil municipal des enfants, les anciens combattants ainsi que de nombreux Loffriens sont venus ce matin rendre hommage aux victimes de la&#8230; <a href=\"http:\/\/commune-loffre.fr\/index.php\/2023\/05\/10\/commemoration-du-8-mai-1945\/\">Read more &raquo;<\/a><\/p>\n","protected":false},"author":1,"featured_media":6788,"comment_status":"closed","ping_status":"closed","sticky":false,"template":"","format":"standard","meta":{"footnotes":""},"categories":[1],"tags":[],"_links":{"self":[{"href":"http:\/\/commune-loffre.fr\/index.php\/wp-json\/wp\/v2\/posts\/6783"}],"collection":[{"href":"http:\/\/commune-loffre.fr\/index.php\/wp-json\/wp\/v2\/posts"}],"about":[{"href":"http:\/\/commune-loffre.fr\/index.php\/wp-json\/wp\/v2\/types\/post"}],"author":[{"embeddable":true,"href":"http:\/\/commune-loffre.fr\/index.php\/wp-json\/wp\/v2\/users\/1"}],"replies":[{"embeddable":true,"href":"http:\/\/commune-loffre.fr\/index.php\/wp-json\/wp\/v2\/comments?post=6783"}],"version-history":[{"count":2,"href":"http:\/\/commune-loffre.fr\/index.php\/wp-json\/wp\/v2\/posts\/6783\/revisions"}],"predecessor-version":[{"id":6798,"href":"http:\/\/commune-loffre.fr\/index.php\/wp-json\/wp\/v2\/posts\/6783\/revisions\/6798"}],"wp:featuredmedia":[{"embeddable":true,"href":"http:\/\/commune-loffre.fr\/index.php\/wp-json\/wp\/v2\/media\/6788"}],"wp:attachment":[{"href":"http:\/\/commune-loffre.fr\/index.php\/wp-json\/wp\/v2\/media?parent=6783"}],"wp:term":[{"taxonomy":"category","embeddable":true,"href":"http:\/\/commune-loffre.fr\/index.php\/wp-json\/wp\/v2\/categories?post=6783"},{"taxonomy":"post_tag","embeddable":true,"href":"http:\/\/commune-loffre.fr\/index.php\/wp-json\/wp\/v2\/tags?post=6783"}],"curies":[{"name":"wp","href":"https:\/\/api.w.org\/{rel}","templated":true}]}}