{"id":6754,"date":"2023-03-30T19:24:35","date_gmt":"2023-03-30T18:24:35","guid":{"rendered":"http:\/\/commune-loffre.fr\/?p=6754"},"modified":"2023-03-30T19:24:35","modified_gmt":"2023-03-30T18:24:35","slug":"sens-de-circulation","status":"publish","type":"post","link":"http:\/\/commune-loffre.fr\/index.php\/2023\/03\/30\/sens-de-circulation\/","title":{"rendered":"Sens de circulation"},"content":{"rendered":"\n<p><em>Afin de r\u00e9pondre \u00e0 une demande\nde loffriens et apr\u00e8s plusieurs plaintes de riverains, une commission\nparticipative compos\u00e9e d\u2019habitants, de conseillers municipaux, de 2\nsp\u00e9cialistes en charge de la s\u00e9curit\u00e9 routi\u00e8re ainsi que d\u2019un policier s\u2019est\nr\u00e9unie afin de r\u00e9fl\u00e9chir \u00e0 des modifications du plan de circulation de la\ncommune.&nbsp;&nbsp;<\/em><\/p>\n\n\n\n<p><em>Les objectifs sont de r\u00e9duire la\nvitesse ainsi, all\u00e9ger et s\u00e9curiser la circulation. A l&rsquo;issue de 6 mois un\nbilan \u00e9valuatif sera r\u00e9alis\u00e9 afin de d\u00e9cider de la p\u00e9rennisation du changement.<\/em><\/p>\n\n\n\n<figure class=\"wp-block-image\"><img loading=\"lazy\" decoding=\"async\" width=\"1024\" height=\"858\" src=\"http:\/\/commune-loffre.fr\/wp-content\/uploads\/2023\/03\/circulation-FB_Page_2-1024x858.jpg\" alt=\"\" class=\"wp-image-6755\" srcset=\"http:\/\/commune-loffre.fr\/wp-content\/uploads\/2023\/03\/circulation-FB_Page_2-1024x858.jpg 1024w, http:\/\/commune-loffre.fr\/wp-content\/uploads\/2023\/03\/circulation-FB_Page_2-300x251.jpg 300w, http:\/\/commune-loffre.fr\/wp-content\/uploads\/2023\/03\/circulation-FB_Page_2-768x644.jpg 768w, http:\/\/commune-loffre.fr\/wp-content\/uploads\/2023\/03\/circulation-FB_Page_2-624x523.jpg 624w, http:\/\/commune-loffre.fr\/wp-content\/uploads\/2023\/03\/circulation-FB_Page_2.jpg 1959w\" sizes=\"(max-width: 1024px) 100vw, 1024px\" \/><\/figure>\n","protected":false},"excerpt":{"rendered":"<p>Afin de r\u00e9pondre \u00e0 une demande de loffriens et apr\u00e8s plusieurs plaintes de riverains, une commission participative compos\u00e9e d\u2019habitants, de conseillers municipaux, de 2 sp\u00e9cialistes en charge de la s\u00e9curit\u00e9&#8230; <a href=\"http:\/\/commune-loffre.fr\/index.php\/2023\/03\/30\/sens-de-circulation\/\">Read more &raquo;<\/a><\/p>\n","protected":false},"author":1,"featured_media":6756,"comment_status":"closed","ping_status":"closed","sticky":false,"template":"","format":"standard","meta":{"footnotes":""},"categories":[1],"tags":[],"_links":{"self":[{"href":"http:\/\/commune-loffre.fr\/index.php\/wp-json\/wp\/v2\/posts\/6754"}],"collection":[{"href":"http:\/\/commune-loffre.fr\/index.php\/wp-json\/wp\/v2\/posts"}],"about":[{"href":"http:\/\/commune-loffre.fr\/index.php\/wp-json\/wp\/v2\/types\/post"}],"author":[{"embeddable":true,"href":"http:\/\/commune-loffre.fr\/index.php\/wp-json\/wp\/v2\/users\/1"}],"replies":[{"embeddable":true,"href":"http:\/\/commune-loffre.fr\/index.php\/wp-json\/wp\/v2\/comments?post=6754"}],"version-history":[{"count":1,"href":"http:\/\/commune-loffre.fr\/index.php\/wp-json\/wp\/v2\/posts\/6754\/revisions"}],"predecessor-version":[{"id":6757,"href":"http:\/\/commune-loffre.fr\/index.php\/wp-json\/wp\/v2\/posts\/6754\/revisions\/6757"}],"wp:featuredmedia":[{"embeddable":true,"href":"http:\/\/commune-loffre.fr\/index.php\/wp-json\/wp\/v2\/media\/6756"}],"wp:attachment":[{"href":"http:\/\/commune-loffre.fr\/index.php\/wp-json\/wp\/v2\/media?parent=6754"}],"wp:term":[{"taxonomy":"category","embeddable":true,"href":"http:\/\/commune-loffre.fr\/index.php\/wp-json\/wp\/v2\/categories?post=6754"},{"taxonomy":"post_tag","embeddable":true,"href":"http:\/\/commune-loffre.fr\/index.php\/wp-json\/wp\/v2\/tags?post=6754"}],"curies":[{"name":"wp","href":"https:\/\/api.w.org\/{rel}","templated":true}]}}