{"id":6744,"date":"2023-03-26T18:27:20","date_gmt":"2023-03-26T17:27:20","guid":{"rendered":"http:\/\/commune-loffre.fr\/?p=6744"},"modified":"2023-03-26T18:29:09","modified_gmt":"2023-03-26T17:29:09","slug":"conseil-muni-des-enfants-2","status":"publish","type":"post","link":"http:\/\/commune-loffre.fr\/index.php\/2023\/03\/26\/conseil-muni-des-enfants-2\/","title":{"rendered":"Conseil Muni. des enfants"},"content":{"rendered":"\n<p><em>Une belle et \u00e9mouvante c\u00e9r\u00e9monie\nd\u2019investiture des jeunes \u00e9lus au Conseil Municipal des Enfants<br>\n<br>\nNos 8 jeunes citoyens \u00e9lus par leurs pairs ont \u00e9t\u00e9 mis \u00e0 l\u2019honneur ce matin, en\npr\u00e9sence de leurs familles, des Conseillers Municipaux de LOFFRE, de Monsieur\nBIEUVILLE Sous-Pr\u00e9fet de DOUAI, de Madame LUCAS Conseill\u00e8re D\u00e9partementale.<\/em><\/p>\n\n\n\n<p><em>&nbsp;Les jeunes conseillers ont\npris la parole pour se pr\u00e9senter avant de recevoir l\u2019\u00e9charpe bleu, blanc,\nrouge, ainsi qu\u2019un kit du jeune \u00e9lu offert par Madame LUCAS. Les discours ont\nsoulign\u00e9 l\u2019importance de ce nouveau lien de d\u00e9mocratie locale et l\u2019int\u00e9r\u00eat de\nsensibiliser les jeunes \u00e0 la citoyennet\u00e9.<br>\nF\u00e9licitations \u00e0 Alice, Eline, Elise, Isak, Louise, Marie, Rapha\u00ebl, Tom, c\u2019est\nle d\u00e9but d\u2019une aventure de deux ans pour ces 8 enfants-\u00e9lus qui se retrouveront\nle lundi 03 avril pour&nbsp;<\/em>une r\u00e9union de\ntravail&nbsp;!<\/p>\n\n\n\n<ul class=\"wp-block-gallery columns-3 is-cropped wp-block-gallery-1 is-layout-flex wp-block-gallery-is-layout-flex\"><li class=\"blocks-gallery-item\"><figure><img loading=\"lazy\" decoding=\"async\" width=\"1024\" height=\"576\" src=\"http:\/\/commune-loffre.fr\/wp-content\/uploads\/2023\/03\/20230325_105207-Copie-1024x576.jpg\" alt=\"\" data-id=\"6745\" data-link=\"http:\/\/commune-loffre.fr\/index.php\/2023\/03\/26\/conseil-muni-des-enfants-2\/20230325_105207-copie\/\" class=\"wp-image-6745\" srcset=\"http:\/\/commune-loffre.fr\/wp-content\/uploads\/2023\/03\/20230325_105207-Copie-1024x576.jpg 1024w, http:\/\/commune-loffre.fr\/wp-content\/uploads\/2023\/03\/20230325_105207-Copie-300x169.jpg 300w, http:\/\/commune-loffre.fr\/wp-content\/uploads\/2023\/03\/20230325_105207-Copie-768x432.jpg 768w, http:\/\/commune-loffre.fr\/wp-content\/uploads\/2023\/03\/20230325_105207-Copie-624x351.jpg 624w\" sizes=\"(max-width: 1024px) 100vw, 1024px\" \/><\/figure><\/li><li class=\"blocks-gallery-item\"><figure><img loading=\"lazy\" decoding=\"async\" width=\"576\" height=\"1024\" src=\"http:\/\/commune-loffre.fr\/wp-content\/uploads\/2023\/03\/20230325_111033-Copie-e1679851604979-576x1024.jpg\" alt=\"\" data-id=\"6746\" data-link=\"http:\/\/commune-loffre.fr\/index.php\/2023\/03\/26\/conseil-muni-des-enfants-2\/20230325_111033-copie\/\" class=\"wp-image-6746\" srcset=\"http:\/\/commune-loffre.fr\/wp-content\/uploads\/2023\/03\/20230325_111033-Copie-e1679851604979-576x1024.jpg 576w, http:\/\/commune-loffre.fr\/wp-content\/uploads\/2023\/03\/20230325_111033-Copie-e1679851604979-169x300.jpg 169w, http:\/\/commune-loffre.fr\/wp-content\/uploads\/2023\/03\/20230325_111033-Copie-e1679851604979-768x1365.jpg 768w, http:\/\/commune-loffre.fr\/wp-content\/uploads\/2023\/03\/20230325_111033-Copie-e1679851604979-624x1109.jpg 624w\" sizes=\"(max-width: 576px) 100vw, 576px\" \/><\/figure><\/li><li class=\"blocks-gallery-item\"><figure><img loading=\"lazy\" decoding=\"async\" width=\"1024\" height=\"576\" src=\"http:\/\/commune-loffre.fr\/wp-content\/uploads\/2023\/03\/20230325_111944-1024x576.jpg\" alt=\"\" data-id=\"6748\" data-link=\"http:\/\/commune-loffre.fr\/index.php\/2023\/03\/26\/conseil-muni-des-enfants-2\/20230325_111944\/\" class=\"wp-image-6748\" srcset=\"http:\/\/commune-loffre.fr\/wp-content\/uploads\/2023\/03\/20230325_111944-1024x576.jpg 1024w, http:\/\/commune-loffre.fr\/wp-content\/uploads\/2023\/03\/20230325_111944-300x169.jpg 300w, http:\/\/commune-loffre.fr\/wp-content\/uploads\/2023\/03\/20230325_111944-768x432.jpg 768w, http:\/\/commune-loffre.fr\/wp-content\/uploads\/2023\/03\/20230325_111944-624x351.jpg 624w\" sizes=\"(max-width: 1024px) 100vw, 1024px\" \/><\/figure><\/li><li class=\"blocks-gallery-item\"><figure><img loading=\"lazy\" decoding=\"async\" width=\"576\" height=\"1024\" src=\"http:\/\/commune-loffre.fr\/wp-content\/uploads\/2023\/03\/20230325_112053-Copie-e1679851652720-576x1024.jpg\" alt=\"\" data-id=\"6749\" data-link=\"http:\/\/commune-loffre.fr\/index.php\/2023\/03\/26\/conseil-muni-des-enfants-2\/20230325_112053-copie\/\" class=\"wp-image-6749\" srcset=\"http:\/\/commune-loffre.fr\/wp-content\/uploads\/2023\/03\/20230325_112053-Copie-e1679851652720-576x1024.jpg 576w, http:\/\/commune-loffre.fr\/wp-content\/uploads\/2023\/03\/20230325_112053-Copie-e1679851652720-169x300.jpg 169w, http:\/\/commune-loffre.fr\/wp-content\/uploads\/2023\/03\/20230325_112053-Copie-e1679851652720-768x1365.jpg 768w, http:\/\/commune-loffre.fr\/wp-content\/uploads\/2023\/03\/20230325_112053-Copie-e1679851652720-624x1109.jpg 624w\" sizes=\"(max-width: 576px) 100vw, 576px\" \/><\/figure><\/li><li class=\"blocks-gallery-item\"><figure><img loading=\"lazy\" decoding=\"async\" width=\"1018\" height=\"720\" src=\"http:\/\/commune-loffre.fr\/wp-content\/uploads\/2023\/03\/IMG-20230325-WA0040-Copie.jpg\" alt=\"\" data-id=\"6751\" data-link=\"http:\/\/commune-loffre.fr\/index.php\/2023\/03\/26\/conseil-muni-des-enfants-2\/img-20230325-wa0040-copie\/\" class=\"wp-image-6751\" srcset=\"http:\/\/commune-loffre.fr\/wp-content\/uploads\/2023\/03\/IMG-20230325-WA0040-Copie.jpg 1018w, http:\/\/commune-loffre.fr\/wp-content\/uploads\/2023\/03\/IMG-20230325-WA0040-Copie-300x212.jpg 300w, http:\/\/commune-loffre.fr\/wp-content\/uploads\/2023\/03\/IMG-20230325-WA0040-Copie-768x543.jpg 768w, http:\/\/commune-loffre.fr\/wp-content\/uploads\/2023\/03\/IMG-20230325-WA0040-Copie-624x441.jpg 624w\" sizes=\"(max-width: 1018px) 100vw, 1018px\" \/><\/figure><\/li><li class=\"blocks-gallery-item\"><figure><img loading=\"lazy\" decoding=\"async\" width=\"576\" height=\"1024\" src=\"http:\/\/commune-loffre.fr\/wp-content\/uploads\/2023\/03\/20230325_111359-e1679851668486-576x1024.jpg\" alt=\"\" data-id=\"6747\" data-link=\"http:\/\/commune-loffre.fr\/index.php\/2023\/03\/26\/conseil-muni-des-enfants-2\/20230325_111359\/\" class=\"wp-image-6747\" srcset=\"http:\/\/commune-loffre.fr\/wp-content\/uploads\/2023\/03\/20230325_111359-e1679851668486-576x1024.jpg 576w, http:\/\/commune-loffre.fr\/wp-content\/uploads\/2023\/03\/20230325_111359-e1679851668486-169x300.jpg 169w, http:\/\/commune-loffre.fr\/wp-content\/uploads\/2023\/03\/20230325_111359-e1679851668486-768x1365.jpg 768w, http:\/\/commune-loffre.fr\/wp-content\/uploads\/2023\/03\/20230325_111359-e1679851668486-624x1109.jpg 624w\" sizes=\"(max-width: 576px) 100vw, 576px\" \/><\/figure><\/li><li class=\"blocks-gallery-item\"><figure><img loading=\"lazy\" decoding=\"async\" width=\"1024\" height=\"576\" src=\"http:\/\/commune-loffre.fr\/wp-content\/uploads\/2023\/03\/20230325_113623-1024x576.jpg\" alt=\"\" data-id=\"6750\" data-link=\"http:\/\/commune-loffre.fr\/index.php\/2023\/03\/26\/conseil-muni-des-enfants-2\/20230325_113623\/\" class=\"wp-image-6750\" srcset=\"http:\/\/commune-loffre.fr\/wp-content\/uploads\/2023\/03\/20230325_113623-1024x576.jpg 1024w, http:\/\/commune-loffre.fr\/wp-content\/uploads\/2023\/03\/20230325_113623-300x169.jpg 300w, http:\/\/commune-loffre.fr\/wp-content\/uploads\/2023\/03\/20230325_113623-768x432.jpg 768w, http:\/\/commune-loffre.fr\/wp-content\/uploads\/2023\/03\/20230325_113623-624x351.jpg 624w\" sizes=\"(max-width: 1024px) 100vw, 1024px\" \/><\/figure><\/li><\/ul>\n","protected":false},"excerpt":{"rendered":"<p>Une belle et \u00e9mouvante c\u00e9r\u00e9monie d\u2019investiture des jeunes \u00e9lus au Conseil Municipal des Enfants Nos 8 jeunes citoyens \u00e9lus par leurs pairs ont \u00e9t\u00e9 mis \u00e0 l\u2019honneur ce matin, en&#8230; <a href=\"http:\/\/commune-loffre.fr\/index.php\/2023\/03\/26\/conseil-muni-des-enfants-2\/\">Read more &raquo;<\/a><\/p>\n","protected":false},"author":1,"featured_media":6751,"comment_status":"closed","ping_status":"closed","sticky":false,"template":"","format":"standard","meta":{"footnotes":""},"categories":[1],"tags":[],"_links":{"self":[{"href":"http:\/\/commune-loffre.fr\/index.php\/wp-json\/wp\/v2\/posts\/6744"}],"collection":[{"href":"http:\/\/commune-loffre.fr\/index.php\/wp-json\/wp\/v2\/posts"}],"about":[{"href":"http:\/\/commune-loffre.fr\/index.php\/wp-json\/wp\/v2\/types\/post"}],"author":[{"embeddable":true,"href":"http:\/\/commune-loffre.fr\/index.php\/wp-json\/wp\/v2\/users\/1"}],"replies":[{"embeddable":true,"href":"http:\/\/commune-loffre.fr\/index.php\/wp-json\/wp\/v2\/comments?post=6744"}],"version-history":[{"count":2,"href":"http:\/\/commune-loffre.fr\/index.php\/wp-json\/wp\/v2\/posts\/6744\/revisions"}],"predecessor-version":[{"id":6753,"href":"http:\/\/commune-loffre.fr\/index.php\/wp-json\/wp\/v2\/posts\/6744\/revisions\/6753"}],"wp:featuredmedia":[{"embeddable":true,"href":"http:\/\/commune-loffre.fr\/index.php\/wp-json\/wp\/v2\/media\/6751"}],"wp:attachment":[{"href":"http:\/\/commune-loffre.fr\/index.php\/wp-json\/wp\/v2\/media?parent=6744"}],"wp:term":[{"taxonomy":"category","embeddable":true,"href":"http:\/\/commune-loffre.fr\/index.php\/wp-json\/wp\/v2\/categories?post=6744"},{"taxonomy":"post_tag","embeddable":true,"href":"http:\/\/commune-loffre.fr\/index.php\/wp-json\/wp\/v2\/tags?post=6744"}],"curies":[{"name":"wp","href":"https:\/\/api.w.org\/{rel}","templated":true}]}}