{"id":667,"date":"2016-06-04T15:20:52","date_gmt":"2016-06-04T14:20:52","guid":{"rendered":"http:\/\/commune-loffre.fr\/?p=667"},"modified":"2016-06-04T15:21:24","modified_gmt":"2016-06-04T14:21:24","slug":"fete-des-meres","status":"publish","type":"post","link":"http:\/\/commune-loffre.fr\/index.php\/2016\/06\/04\/fete-des-meres\/","title":{"rendered":"F\u00eate des M\u00e8res"},"content":{"rendered":"<p><a href=\"http:\/\/commune-loffre.fr\/index.php\/galerie\/\">Toutes les photos<\/a><\/p>\n<p>..Comme chaque ann\u00e9e, le Conseil Municipal a eu le plaisir de mettre \u00e0 l\u2019honneur les mamans de la commune en les invitant \u00e0 la traditionnelle F\u00eate des M\u00e8res qui s\u2019est d\u00e9roul\u00e9e \u00e0 la salle polyvalente, <strong><u>le Samedi 28 Mai 2016 \u00e0 18 heures<\/u><\/strong>.<\/p>\n<p>Monsieur le Maire dans son discours a soulign\u00e9 l\u2019importance du r\u00f4le des mamans dans la structure familiale puis souhaita \u00e0 l\u2019ensemble des mamans de la commune une tr\u00e8s bonne f\u00eate. Monsieur le Maire remercia \u00e9galement l\u2019ensemble des personnes qui ont organis\u00e9 cette festivit\u00e9.<\/p>\n<p>Avant la remise du cadeau aux mamans, les enfants participant aux temps d\u2019activit\u00e9s p\u00e9riscolaires, ont offert, avec en chef de ch\u0153ur Marie-H\u00e9l\u00e8ne, un petit spectacle en interpr\u00e9tant une version revisit\u00e9e de\u00a0la chanson \u00ab\u00a0c\u2019est la m\u00e8re Mich\u00e8le \u00bb puis un spectacle de marionnettes inspir\u00e9 du Muppet\u2019s show sur une chanson du groupe Queen.<\/p>\n<p>Pour la d\u00e9coration des tables, les enfants avaient pr\u00e9par\u00e9, de jolis chemins de tables, dans le cadre d\u2019une des activit\u00e9s propos\u00e9es lors du temps des activit\u00e9s p\u00e9riscolaires.<\/p>\n<p>Ensuite, la municipalit\u00e9 a offert aux mamans une petite pochette pouvant servir de trousse \u00e0 maquillage ou de produits de beaut\u00e9. C\u2019est environ 120 trousses, r\u00e9alis\u00e9es par Madame Nadine Bala de l\u2019atelier 52, install\u00e9e dans le village, qui ont \u00e9t\u00e9 remises.<\/p>\n<p>Pour terminer cette fin d\u2019apr\u00e8s-midi, les mamans ont pu partager un moment de convivialit\u00e9 en profitant du cocktail offert par la municipalit\u00e9.<\/p>\n","protected":false},"excerpt":{"rendered":"<p>Toutes les photos ..Comme chaque ann\u00e9e, le Conseil Municipal a eu le plaisir de mettre \u00e0 l\u2019honneur les mamans de la commune en les invitant \u00e0 la traditionnelle F\u00eate des&#8230; <a href=\"http:\/\/commune-loffre.fr\/index.php\/2016\/06\/04\/fete-des-meres\/\">Read more &raquo;<\/a><\/p>\n","protected":false},"author":1,"featured_media":0,"comment_status":"closed","ping_status":"closed","sticky":false,"template":"","format":"standard","meta":{"footnotes":""},"categories":[10],"tags":[11],"_links":{"self":[{"href":"http:\/\/commune-loffre.fr\/index.php\/wp-json\/wp\/v2\/posts\/667"}],"collection":[{"href":"http:\/\/commune-loffre.fr\/index.php\/wp-json\/wp\/v2\/posts"}],"about":[{"href":"http:\/\/commune-loffre.fr\/index.php\/wp-json\/wp\/v2\/types\/post"}],"author":[{"embeddable":true,"href":"http:\/\/commune-loffre.fr\/index.php\/wp-json\/wp\/v2\/users\/1"}],"replies":[{"embeddable":true,"href":"http:\/\/commune-loffre.fr\/index.php\/wp-json\/wp\/v2\/comments?post=667"}],"version-history":[{"count":3,"href":"http:\/\/commune-loffre.fr\/index.php\/wp-json\/wp\/v2\/posts\/667\/revisions"}],"predecessor-version":[{"id":670,"href":"http:\/\/commune-loffre.fr\/index.php\/wp-json\/wp\/v2\/posts\/667\/revisions\/670"}],"wp:attachment":[{"href":"http:\/\/commune-loffre.fr\/index.php\/wp-json\/wp\/v2\/media?parent=667"}],"wp:term":[{"taxonomy":"category","embeddable":true,"href":"http:\/\/commune-loffre.fr\/index.php\/wp-json\/wp\/v2\/categories?post=667"},{"taxonomy":"post_tag","embeddable":true,"href":"http:\/\/commune-loffre.fr\/index.php\/wp-json\/wp\/v2\/tags?post=667"}],"curies":[{"name":"wp","href":"https:\/\/api.w.org\/{rel}","templated":true}]}}