{"id":6669,"date":"2023-02-26T19:43:00","date_gmt":"2023-02-26T18:43:00","guid":{"rendered":"http:\/\/commune-loffre.fr\/?p=6669"},"modified":"2023-02-26T19:51:47","modified_gmt":"2023-02-26T18:51:47","slug":"conseil-muni-des-enfants","status":"publish","type":"post","link":"http:\/\/commune-loffre.fr\/index.php\/2023\/02\/26\/conseil-muni-des-enfants\/","title":{"rendered":"Conseil Muni. des enfants"},"content":{"rendered":"\n<p>Nul besoin d\u2019\u00eatre un adulte pour participer activement \u00e0 la vie de notre commune. A Loffre, on encourage les enfants \u00e0 faire entendre leur voix.<br> 8 jeunes loffriens sont candidats et ils se sont lanc\u00e9s ce mercredi dans l\u2019aventure de la pr\u00e9paration des \u00e9lections du Conseil Municipal des Enfants (CME). <br> Ainsi, <strong>Alice, Eline, Elise, Isak, Louise, Marie, Rapha\u00ebl et Tom<\/strong> ont toute l\u2019\u00e9nergie n\u00e9cessaire pour repr\u00e9senter leurs pairs, afin de traduire leurs id\u00e9es en projets. Projets qui seront ensuite pr\u00e9sent\u00e9s au Maire et aux Conseillers Municipaux.<br> Encadr\u00e9s par des conseillers municipaux, cette jeune g\u00e9n\u00e9ration dynamique participera activement \u00e0 la vie de la commune. Durant plus de 2 heures, ces enfants-candidats ont d\u00e9j\u00e0 fait part de leurs nombreuses id\u00e9es, qu\u2019ils ne manqueront pas de d\u00e9velopper durant leurs deux ann\u00e9es de mandat s\u2019ils sont \u00e9lus.<br> D\u00e8s ce lundi 27 f\u00e9vrier, ils entrent en campagne \u00e9lectorale aupr\u00e8s des enfants du village et il leur appartiendra en 1\u00e8re mission d\u2019amener leurs camarades \u00e0 VOTER POUR EUX ! <\/p>\n\n\n\n<p> \u00c9LECTIONS* le mercredi 15 mars entre 14h30 \u00e0 18h00 <br> en mairie Salle du Conseil Municipal.  <\/p>\n\n\n\n<p> *<em><strong>Sont \u00e9lecteurs<\/strong><\/em> : Tous les \u00e9l\u00e8ves de CP, CE1, CE2, CM1 et CM2 du village + les \u00e9l\u00e8ves de CP, CE1, CE2, CM1 et CM2 non loffriens qui fr\u00e9quentent l\u2019\u00e9cole. <br> Le CME est un espace qui construit par l\u2019action et la r\u00e9flexion, les citoyens de demain. <\/p>\n","protected":false},"excerpt":{"rendered":"<p>Nul besoin d\u2019\u00eatre un adulte pour participer activement \u00e0 la vie de notre commune. A Loffre, on encourage les enfants \u00e0 faire entendre leur voix. 8 jeunes loffriens sont candidats&#8230; <a href=\"http:\/\/commune-loffre.fr\/index.php\/2023\/02\/26\/conseil-muni-des-enfants\/\">Read more &raquo;<\/a><\/p>\n","protected":false},"author":1,"featured_media":6681,"comment_status":"closed","ping_status":"closed","sticky":false,"template":"","format":"standard","meta":{"footnotes":""},"categories":[1],"tags":[],"_links":{"self":[{"href":"http:\/\/commune-loffre.fr\/index.php\/wp-json\/wp\/v2\/posts\/6669"}],"collection":[{"href":"http:\/\/commune-loffre.fr\/index.php\/wp-json\/wp\/v2\/posts"}],"about":[{"href":"http:\/\/commune-loffre.fr\/index.php\/wp-json\/wp\/v2\/types\/post"}],"author":[{"embeddable":true,"href":"http:\/\/commune-loffre.fr\/index.php\/wp-json\/wp\/v2\/users\/1"}],"replies":[{"embeddable":true,"href":"http:\/\/commune-loffre.fr\/index.php\/wp-json\/wp\/v2\/comments?post=6669"}],"version-history":[{"count":2,"href":"http:\/\/commune-loffre.fr\/index.php\/wp-json\/wp\/v2\/posts\/6669\/revisions"}],"predecessor-version":[{"id":6679,"href":"http:\/\/commune-loffre.fr\/index.php\/wp-json\/wp\/v2\/posts\/6669\/revisions\/6679"}],"wp:featuredmedia":[{"embeddable":true,"href":"http:\/\/commune-loffre.fr\/index.php\/wp-json\/wp\/v2\/media\/6681"}],"wp:attachment":[{"href":"http:\/\/commune-loffre.fr\/index.php\/wp-json\/wp\/v2\/media?parent=6669"}],"wp:term":[{"taxonomy":"category","embeddable":true,"href":"http:\/\/commune-loffre.fr\/index.php\/wp-json\/wp\/v2\/categories?post=6669"},{"taxonomy":"post_tag","embeddable":true,"href":"http:\/\/commune-loffre.fr\/index.php\/wp-json\/wp\/v2\/tags?post=6669"}],"curies":[{"name":"wp","href":"https:\/\/api.w.org\/{rel}","templated":true}]}}