{"id":6666,"date":"2023-02-20T20:59:11","date_gmt":"2023-02-20T19:59:11","guid":{"rendered":"http:\/\/commune-loffre.fr\/?p=6666"},"modified":"2023-02-20T20:59:11","modified_gmt":"2023-02-20T19:59:11","slug":"journee-internationale-de-lepilepsie-2","status":"publish","type":"post","link":"http:\/\/commune-loffre.fr\/index.php\/2023\/02\/20\/journee-internationale-de-lepilepsie-2\/","title":{"rendered":"Journ\u00e9e internationale de l&rsquo;\u00e9pilepsie"},"content":{"rendered":"\n<p>Loffre solidaire pour la journ\u00e9e internationale de\nl&rsquo;\u00e9pilepsie le 13 f\u00e9vrier dernier en se colorant en violet, couleur de cette\njourn\u00e9e.<\/p>\n\n\n\n<figure class=\"wp-block-image\"><img loading=\"lazy\" decoding=\"async\" width=\"1024\" height=\"536\" src=\"http:\/\/commune-loffre.fr\/wp-content\/uploads\/2023\/02\/IMG_20230213_182744_162-1024x536.jpg\" alt=\"\" class=\"wp-image-6667\" srcset=\"http:\/\/commune-loffre.fr\/wp-content\/uploads\/2023\/02\/IMG_20230213_182744_162-1024x536.jpg 1024w, http:\/\/commune-loffre.fr\/wp-content\/uploads\/2023\/02\/IMG_20230213_182744_162-300x157.jpg 300w, http:\/\/commune-loffre.fr\/wp-content\/uploads\/2023\/02\/IMG_20230213_182744_162-768x402.jpg 768w, http:\/\/commune-loffre.fr\/wp-content\/uploads\/2023\/02\/IMG_20230213_182744_162-624x327.jpg 624w, http:\/\/commune-loffre.fr\/wp-content\/uploads\/2023\/02\/IMG_20230213_182744_162.jpg 1410w\" sizes=\"(max-width: 1024px) 100vw, 1024px\" \/><\/figure>\n","protected":false},"excerpt":{"rendered":"<p>Loffre solidaire pour la journ\u00e9e internationale de l&rsquo;\u00e9pilepsie le 13 f\u00e9vrier dernier en se colorant en violet, couleur de cette journ\u00e9e.<\/p>\n","protected":false},"author":1,"featured_media":6667,"comment_status":"closed","ping_status":"closed","sticky":false,"template":"","format":"standard","meta":{"footnotes":""},"categories":[1],"tags":[],"_links":{"self":[{"href":"http:\/\/commune-loffre.fr\/index.php\/wp-json\/wp\/v2\/posts\/6666"}],"collection":[{"href":"http:\/\/commune-loffre.fr\/index.php\/wp-json\/wp\/v2\/posts"}],"about":[{"href":"http:\/\/commune-loffre.fr\/index.php\/wp-json\/wp\/v2\/types\/post"}],"author":[{"embeddable":true,"href":"http:\/\/commune-loffre.fr\/index.php\/wp-json\/wp\/v2\/users\/1"}],"replies":[{"embeddable":true,"href":"http:\/\/commune-loffre.fr\/index.php\/wp-json\/wp\/v2\/comments?post=6666"}],"version-history":[{"count":1,"href":"http:\/\/commune-loffre.fr\/index.php\/wp-json\/wp\/v2\/posts\/6666\/revisions"}],"predecessor-version":[{"id":6668,"href":"http:\/\/commune-loffre.fr\/index.php\/wp-json\/wp\/v2\/posts\/6666\/revisions\/6668"}],"wp:featuredmedia":[{"embeddable":true,"href":"http:\/\/commune-loffre.fr\/index.php\/wp-json\/wp\/v2\/media\/6667"}],"wp:attachment":[{"href":"http:\/\/commune-loffre.fr\/index.php\/wp-json\/wp\/v2\/media?parent=6666"}],"wp:term":[{"taxonomy":"category","embeddable":true,"href":"http:\/\/commune-loffre.fr\/index.php\/wp-json\/wp\/v2\/categories?post=6666"},{"taxonomy":"post_tag","embeddable":true,"href":"http:\/\/commune-loffre.fr\/index.php\/wp-json\/wp\/v2\/tags?post=6666"}],"curies":[{"name":"wp","href":"https:\/\/api.w.org\/{rel}","templated":true}]}}