{"id":6663,"date":"2023-02-20T20:57:43","date_gmt":"2023-02-20T19:57:43","guid":{"rendered":"http:\/\/commune-loffre.fr\/?p=6663"},"modified":"2023-02-20T20:57:43","modified_gmt":"2023-02-20T19:57:43","slug":"villes-et-villages-fleuris","status":"publish","type":"post","link":"http:\/\/commune-loffre.fr\/index.php\/2023\/02\/20\/villes-et-villages-fleuris\/","title":{"rendered":"Villes et Villages fleuris"},"content":{"rendered":"\n<p>Suite aux d\u00e9lib\u00e9rations des jurys r\u00e9gionaux et nationaux , 102 communes sont labellis\u00e9es\u00a0dans le d\u00e9partement du Nord.<\/p>\n\n\n\n<p>Notre village a une nouvelle fois \u00e9t\u00e9 mis \u00e0 l&rsquo;honneur ce mardi lors de la c\u00e9r\u00e9monie qui s&rsquo;est d\u00e9roul\u00e9e au Quesnoy par la remise d&rsquo;un panneau 1\u00e8re fleur.<\/p>\n\n\n\n<figure class=\"wp-block-image\"><img loading=\"lazy\" decoding=\"async\" width=\"887\" height=\"720\" src=\"http:\/\/commune-loffre.fr\/wp-content\/uploads\/2023\/02\/IMG_20230208_185005_001.jpg\" alt=\"\" class=\"wp-image-6664\" srcset=\"http:\/\/commune-loffre.fr\/wp-content\/uploads\/2023\/02\/IMG_20230208_185005_001.jpg 887w, http:\/\/commune-loffre.fr\/wp-content\/uploads\/2023\/02\/IMG_20230208_185005_001-300x244.jpg 300w, http:\/\/commune-loffre.fr\/wp-content\/uploads\/2023\/02\/IMG_20230208_185005_001-768x623.jpg 768w, http:\/\/commune-loffre.fr\/wp-content\/uploads\/2023\/02\/IMG_20230208_185005_001-624x507.jpg 624w\" sizes=\"(max-width: 887px) 100vw, 887px\" \/><\/figure>\n","protected":false},"excerpt":{"rendered":"<p>Suite aux d\u00e9lib\u00e9rations des jurys r\u00e9gionaux et nationaux , 102 communes sont labellis\u00e9es\u00a0dans le d\u00e9partement du Nord. Notre village a une nouvelle fois \u00e9t\u00e9 mis \u00e0 l&rsquo;honneur ce mardi lors&#8230; <a href=\"http:\/\/commune-loffre.fr\/index.php\/2023\/02\/20\/villes-et-villages-fleuris\/\">Read more &raquo;<\/a><\/p>\n","protected":false},"author":1,"featured_media":6664,"comment_status":"closed","ping_status":"closed","sticky":false,"template":"","format":"standard","meta":{"footnotes":""},"categories":[1],"tags":[],"_links":{"self":[{"href":"http:\/\/commune-loffre.fr\/index.php\/wp-json\/wp\/v2\/posts\/6663"}],"collection":[{"href":"http:\/\/commune-loffre.fr\/index.php\/wp-json\/wp\/v2\/posts"}],"about":[{"href":"http:\/\/commune-loffre.fr\/index.php\/wp-json\/wp\/v2\/types\/post"}],"author":[{"embeddable":true,"href":"http:\/\/commune-loffre.fr\/index.php\/wp-json\/wp\/v2\/users\/1"}],"replies":[{"embeddable":true,"href":"http:\/\/commune-loffre.fr\/index.php\/wp-json\/wp\/v2\/comments?post=6663"}],"version-history":[{"count":1,"href":"http:\/\/commune-loffre.fr\/index.php\/wp-json\/wp\/v2\/posts\/6663\/revisions"}],"predecessor-version":[{"id":6665,"href":"http:\/\/commune-loffre.fr\/index.php\/wp-json\/wp\/v2\/posts\/6663\/revisions\/6665"}],"wp:featuredmedia":[{"embeddable":true,"href":"http:\/\/commune-loffre.fr\/index.php\/wp-json\/wp\/v2\/media\/6664"}],"wp:attachment":[{"href":"http:\/\/commune-loffre.fr\/index.php\/wp-json\/wp\/v2\/media?parent=6663"}],"wp:term":[{"taxonomy":"category","embeddable":true,"href":"http:\/\/commune-loffre.fr\/index.php\/wp-json\/wp\/v2\/categories?post=6663"},{"taxonomy":"post_tag","embeddable":true,"href":"http:\/\/commune-loffre.fr\/index.php\/wp-json\/wp\/v2\/tags?post=6663"}],"curies":[{"name":"wp","href":"https:\/\/api.w.org\/{rel}","templated":true}]}}