{"id":6661,"date":"2023-02-20T20:52:50","date_gmt":"2023-02-20T19:52:50","guid":{"rendered":"http:\/\/commune-loffre.fr\/?p=6661"},"modified":"2023-02-20T20:52:50","modified_gmt":"2023-02-20T19:52:50","slug":"les-voeux-du-maire","status":"publish","type":"post","link":"http:\/\/commune-loffre.fr\/index.php\/2023\/02\/20\/les-voeux-du-maire\/","title":{"rendered":"Les v\u0153ux du Maire"},"content":{"rendered":"\n<figure class=\"wp-block-video\"><video controls src=\"blob:http:\/\/commune-loffre.fr\/0281e618-2149-4f53-b07d-1f1cce4bbdd2\"><\/video><\/figure>\n\n\n\n<p>De nombreux loffriens ont assist\u00e9 au discours du Maire et des membres du conseil municipal \u00e0 l&rsquo;occasion de la c\u00e9r\u00e9monie des v\u0153ux du maire. Ce fut l&rsquo;occasion de retracer les \u00e9v\u00e9nements de 2022 et d&rsquo;\u00e9voquer les projets \u00e0 venir.<\/p>\n","protected":false},"excerpt":{"rendered":"<p>De nombreux loffriens ont assist\u00e9 au discours du Maire et des membres du conseil municipal \u00e0 l&rsquo;occasion de la c\u00e9r\u00e9monie des v\u0153ux du maire. Ce fut l&rsquo;occasion de retracer les&#8230; <a href=\"http:\/\/commune-loffre.fr\/index.php\/2023\/02\/20\/les-voeux-du-maire\/\">Read more &raquo;<\/a><\/p>\n","protected":false},"author":1,"featured_media":0,"comment_status":"closed","ping_status":"closed","sticky":false,"template":"","format":"standard","meta":{"footnotes":""},"categories":[1],"tags":[],"_links":{"self":[{"href":"http:\/\/commune-loffre.fr\/index.php\/wp-json\/wp\/v2\/posts\/6661"}],"collection":[{"href":"http:\/\/commune-loffre.fr\/index.php\/wp-json\/wp\/v2\/posts"}],"about":[{"href":"http:\/\/commune-loffre.fr\/index.php\/wp-json\/wp\/v2\/types\/post"}],"author":[{"embeddable":true,"href":"http:\/\/commune-loffre.fr\/index.php\/wp-json\/wp\/v2\/users\/1"}],"replies":[{"embeddable":true,"href":"http:\/\/commune-loffre.fr\/index.php\/wp-json\/wp\/v2\/comments?post=6661"}],"version-history":[{"count":1,"href":"http:\/\/commune-loffre.fr\/index.php\/wp-json\/wp\/v2\/posts\/6661\/revisions"}],"predecessor-version":[{"id":6662,"href":"http:\/\/commune-loffre.fr\/index.php\/wp-json\/wp\/v2\/posts\/6661\/revisions\/6662"}],"wp:attachment":[{"href":"http:\/\/commune-loffre.fr\/index.php\/wp-json\/wp\/v2\/media?parent=6661"}],"wp:term":[{"taxonomy":"category","embeddable":true,"href":"http:\/\/commune-loffre.fr\/index.php\/wp-json\/wp\/v2\/categories?post=6661"},{"taxonomy":"post_tag","embeddable":true,"href":"http:\/\/commune-loffre.fr\/index.php\/wp-json\/wp\/v2\/tags?post=6661"}],"curies":[{"name":"wp","href":"https:\/\/api.w.org\/{rel}","templated":true}]}}