{"id":6614,"date":"2022-12-11T17:08:54","date_gmt":"2022-12-11T16:08:54","guid":{"rendered":"http:\/\/commune-loffre.fr\/?p=6614"},"modified":"2022-12-11T17:10:29","modified_gmt":"2022-12-11T16:10:29","slug":"marche-des-producteurs-2","status":"publish","type":"post","link":"http:\/\/commune-loffre.fr\/index.php\/2022\/12\/11\/marche-des-producteurs-2\/","title":{"rendered":"March\u00e9 des producteurs"},"content":{"rendered":"\n<p>Clap de fin pour d&rsquo;ann\u00e9e pour le march\u00e9 des producteurs.<br>\nJoli succ\u00e8s pour ce dernier march\u00e9 2022 :  Saint Nicolas, le p\u00e8re fouettard et leur \u00e2ne ont brav\u00e9 le froid matinal  et se sont d\u00e9plac\u00e9s pour la plus grande joie des enfants. <br>\nMerci \u00e0 tous pour ce beau moment. Rendez-vous en f\u00e9vrier pour la reprise. <\/p>\n\n\n\n<ul class=\"wp-block-gallery columns-3 is-cropped wp-block-gallery-1 is-layout-flex wp-block-gallery-is-layout-flex\"><li class=\"blocks-gallery-item\"><figure><img loading=\"lazy\" decoding=\"async\" width=\"1024\" height=\"768\" src=\"http:\/\/commune-loffre.fr\/wp-content\/uploads\/2022\/12\/20221203_093154-1024x768.jpg\" alt=\"\" data-id=\"6617\" data-link=\"http:\/\/commune-loffre.fr\/index.php\/2022\/12\/11\/marche-des-producteurs-2\/20221203_093154\/\" class=\"wp-image-6617\" srcset=\"http:\/\/commune-loffre.fr\/wp-content\/uploads\/2022\/12\/20221203_093154-1024x768.jpg 1024w, http:\/\/commune-loffre.fr\/wp-content\/uploads\/2022\/12\/20221203_093154-300x225.jpg 300w, http:\/\/commune-loffre.fr\/wp-content\/uploads\/2022\/12\/20221203_093154-768x576.jpg 768w, http:\/\/commune-loffre.fr\/wp-content\/uploads\/2022\/12\/20221203_093154-624x468.jpg 624w, http:\/\/commune-loffre.fr\/wp-content\/uploads\/2022\/12\/20221203_093154-240x180.jpg 240w\" sizes=\"(max-width: 1024px) 100vw, 1024px\" \/><\/figure><\/li><li class=\"blocks-gallery-item\"><figure><img loading=\"lazy\" decoding=\"async\" width=\"1024\" height=\"768\" src=\"http:\/\/commune-loffre.fr\/wp-content\/uploads\/2022\/12\/20221203_093047-1024x768.jpg\" alt=\"\" data-id=\"6618\" data-link=\"http:\/\/commune-loffre.fr\/index.php\/2022\/12\/11\/marche-des-producteurs-2\/20221203_093047\/\" class=\"wp-image-6618\" srcset=\"http:\/\/commune-loffre.fr\/wp-content\/uploads\/2022\/12\/20221203_093047-1024x768.jpg 1024w, http:\/\/commune-loffre.fr\/wp-content\/uploads\/2022\/12\/20221203_093047-300x225.jpg 300w, http:\/\/commune-loffre.fr\/wp-content\/uploads\/2022\/12\/20221203_093047-768x576.jpg 768w, http:\/\/commune-loffre.fr\/wp-content\/uploads\/2022\/12\/20221203_093047-624x468.jpg 624w, http:\/\/commune-loffre.fr\/wp-content\/uploads\/2022\/12\/20221203_093047-240x180.jpg 240w\" sizes=\"(max-width: 1024px) 100vw, 1024px\" \/><\/figure><\/li><li class=\"blocks-gallery-item\"><figure><img loading=\"lazy\" decoding=\"async\" width=\"1024\" height=\"768\" src=\"http:\/\/commune-loffre.fr\/wp-content\/uploads\/2022\/12\/20221203_092911-1024x768.jpg\" alt=\"\" data-id=\"6619\" data-link=\"http:\/\/commune-loffre.fr\/index.php\/2022\/12\/11\/marche-des-producteurs-2\/20221203_092911\/\" class=\"wp-image-6619\" srcset=\"http:\/\/commune-loffre.fr\/wp-content\/uploads\/2022\/12\/20221203_092911-1024x768.jpg 1024w, http:\/\/commune-loffre.fr\/wp-content\/uploads\/2022\/12\/20221203_092911-300x225.jpg 300w, http:\/\/commune-loffre.fr\/wp-content\/uploads\/2022\/12\/20221203_092911-768x576.jpg 768w, http:\/\/commune-loffre.fr\/wp-content\/uploads\/2022\/12\/20221203_092911-624x468.jpg 624w, http:\/\/commune-loffre.fr\/wp-content\/uploads\/2022\/12\/20221203_092911-240x180.jpg 240w\" sizes=\"(max-width: 1024px) 100vw, 1024px\" \/><\/figure><\/li><li class=\"blocks-gallery-item\"><figure><img loading=\"lazy\" decoding=\"async\" width=\"768\" height=\"1024\" src=\"http:\/\/commune-loffre.fr\/wp-content\/uploads\/2022\/12\/20221203_105911-1-e1670774948581-768x1024.jpg\" alt=\"\" data-id=\"6621\" data-link=\"http:\/\/commune-loffre.fr\/index.php\/2022\/12\/11\/marche-des-producteurs-2\/20221203_105911-1\/\" class=\"wp-image-6621\" srcset=\"http:\/\/commune-loffre.fr\/wp-content\/uploads\/2022\/12\/20221203_105911-1-e1670774948581-768x1024.jpg 768w, http:\/\/commune-loffre.fr\/wp-content\/uploads\/2022\/12\/20221203_105911-1-e1670774948581-225x300.jpg 225w, http:\/\/commune-loffre.fr\/wp-content\/uploads\/2022\/12\/20221203_105911-1-e1670774948581-624x832.jpg 624w\" sizes=\"(max-width: 768px) 100vw, 768px\" \/><\/figure><\/li><li class=\"blocks-gallery-item\"><figure><img loading=\"lazy\" decoding=\"async\" width=\"768\" height=\"1024\" src=\"http:\/\/commune-loffre.fr\/wp-content\/uploads\/2022\/12\/20221203_111854-1-e1670774960873-768x1024.jpg\" alt=\"\" data-id=\"6620\" data-link=\"http:\/\/commune-loffre.fr\/index.php\/2022\/12\/11\/marche-des-producteurs-2\/20221203_111854-1\/\" class=\"wp-image-6620\" srcset=\"http:\/\/commune-loffre.fr\/wp-content\/uploads\/2022\/12\/20221203_111854-1-e1670774960873-768x1024.jpg 768w, http:\/\/commune-loffre.fr\/wp-content\/uploads\/2022\/12\/20221203_111854-1-e1670774960873-225x300.jpg 225w, http:\/\/commune-loffre.fr\/wp-content\/uploads\/2022\/12\/20221203_111854-1-e1670774960873-624x832.jpg 624w\" sizes=\"(max-width: 768px) 100vw, 768px\" \/><\/figure><\/li><\/ul>\n","protected":false},"excerpt":{"rendered":"<p>Clap de fin pour d&rsquo;ann\u00e9e pour le march\u00e9 des producteurs. Joli succ\u00e8s pour ce dernier march\u00e9 2022 : Saint Nicolas, le p\u00e8re fouettard et leur \u00e2ne ont brav\u00e9 le froid&#8230; <a href=\"http:\/\/commune-loffre.fr\/index.php\/2022\/12\/11\/marche-des-producteurs-2\/\">Read more &raquo;<\/a><\/p>\n","protected":false},"author":1,"featured_media":6621,"comment_status":"closed","ping_status":"closed","sticky":false,"template":"","format":"standard","meta":{"footnotes":""},"categories":[1],"tags":[],"_links":{"self":[{"href":"http:\/\/commune-loffre.fr\/index.php\/wp-json\/wp\/v2\/posts\/6614"}],"collection":[{"href":"http:\/\/commune-loffre.fr\/index.php\/wp-json\/wp\/v2\/posts"}],"about":[{"href":"http:\/\/commune-loffre.fr\/index.php\/wp-json\/wp\/v2\/types\/post"}],"author":[{"embeddable":true,"href":"http:\/\/commune-loffre.fr\/index.php\/wp-json\/wp\/v2\/users\/1"}],"replies":[{"embeddable":true,"href":"http:\/\/commune-loffre.fr\/index.php\/wp-json\/wp\/v2\/comments?post=6614"}],"version-history":[{"count":2,"href":"http:\/\/commune-loffre.fr\/index.php\/wp-json\/wp\/v2\/posts\/6614\/revisions"}],"predecessor-version":[{"id":6623,"href":"http:\/\/commune-loffre.fr\/index.php\/wp-json\/wp\/v2\/posts\/6614\/revisions\/6623"}],"wp:featuredmedia":[{"embeddable":true,"href":"http:\/\/commune-loffre.fr\/index.php\/wp-json\/wp\/v2\/media\/6621"}],"wp:attachment":[{"href":"http:\/\/commune-loffre.fr\/index.php\/wp-json\/wp\/v2\/media?parent=6614"}],"wp:term":[{"taxonomy":"category","embeddable":true,"href":"http:\/\/commune-loffre.fr\/index.php\/wp-json\/wp\/v2\/categories?post=6614"},{"taxonomy":"post_tag","embeddable":true,"href":"http:\/\/commune-loffre.fr\/index.php\/wp-json\/wp\/v2\/tags?post=6614"}],"curies":[{"name":"wp","href":"https:\/\/api.w.org\/{rel}","templated":true}]}}