{"id":6600,"date":"2022-12-11T17:00:20","date_gmt":"2022-12-11T16:00:20","guid":{"rendered":"http:\/\/commune-loffre.fr\/?p=6600"},"modified":"2022-12-11T17:10:49","modified_gmt":"2022-12-11T16:10:49","slug":"telethon-2022","status":"publish","type":"post","link":"http:\/\/commune-loffre.fr\/index.php\/2022\/12\/11\/telethon-2022\/","title":{"rendered":"T\u00e9l\u00e9thon 2022"},"content":{"rendered":"\n<p>Le T\u00e9l\u00e9thon 2022 sous le signe de la musique \u00e0 LOFFRE<\/p>\n\n\n\n<p>Le programme du T\u00e9l\u00e9thon 2022 s&rsquo;est d\u00e9roul\u00e9 \u00e0 LOFFRE sous le signe de la<br> musique. La municipalit\u00e9 accueillait un concert exceptionnel de la Chorale des  Mineurs Polonais de DOUAI pour une parenth\u00e8se chant\u00e9e \u00e0 l\u2019entr\u00e9e gratuite, avec invitation aux dons au profit exclusif de l\u2019AFM-TELETHON. Pr\u00e8s de 100 personnes sont venues \u00e9couter les choristes sous la direction du chef de ch\u0153ur Thibault WAXIN et un accompagnement piano d\u2019Esther DELATTRE. Le programme \u00e9clectique a enchant\u00e9 les personnes pr\u00e9sentes. Le conseil municipal a accueilli les visiteurs et Madame LARIVIERE adjointe \u00e0 la culture et aux affaires sociales a soulign\u00e9 sa satisfaction pour le  village de cette mobilisation et de cette solidarit\u00e9 au profit des enfants malades et leurs familles. Les loffriens avaient aussi confectionn\u00e9s des tartes sal\u00e9es et sucr\u00e9es vendues au profit de l\u2019AFM-TELETHON, un honneur pour la municipalit\u00e9 de soutenir et promouvoir la solidarit\u00e9 et la g\u00e9n\u00e9rosit\u00e9 vis-\u00e0-vis des actions de recherche en Sant\u00e9.<\/p>\n\n\n\n<ul class=\"wp-block-gallery columns-3 is-cropped wp-block-gallery-1 is-layout-flex wp-block-gallery-is-layout-flex\"><li class=\"blocks-gallery-item\"><figure><img loading=\"lazy\" decoding=\"async\" width=\"1024\" height=\"768\" src=\"http:\/\/commune-loffre.fr\/wp-content\/uploads\/2022\/12\/20221203_175605-1024x768.jpg\" alt=\"\" data-id=\"6601\" data-link=\"http:\/\/commune-loffre.fr\/index.php\/2022\/12\/11\/telethon-2022\/20221203_175605\/\" class=\"wp-image-6601\" srcset=\"http:\/\/commune-loffre.fr\/wp-content\/uploads\/2022\/12\/20221203_175605-1024x768.jpg 1024w, http:\/\/commune-loffre.fr\/wp-content\/uploads\/2022\/12\/20221203_175605-300x225.jpg 300w, http:\/\/commune-loffre.fr\/wp-content\/uploads\/2022\/12\/20221203_175605-768x576.jpg 768w, http:\/\/commune-loffre.fr\/wp-content\/uploads\/2022\/12\/20221203_175605-624x468.jpg 624w, http:\/\/commune-loffre.fr\/wp-content\/uploads\/2022\/12\/20221203_175605-240x180.jpg 240w\" sizes=\"(max-width: 1024px) 100vw, 1024px\" \/><\/figure><\/li><li class=\"blocks-gallery-item\"><figure><img loading=\"lazy\" decoding=\"async\" width=\"1024\" height=\"768\" src=\"http:\/\/commune-loffre.fr\/wp-content\/uploads\/2022\/12\/20221203_171029-1024x768.jpg\" alt=\"\" data-id=\"6602\" data-link=\"http:\/\/commune-loffre.fr\/index.php\/2022\/12\/11\/telethon-2022\/20221203_171029\/\" class=\"wp-image-6602\" srcset=\"http:\/\/commune-loffre.fr\/wp-content\/uploads\/2022\/12\/20221203_171029-1024x768.jpg 1024w, http:\/\/commune-loffre.fr\/wp-content\/uploads\/2022\/12\/20221203_171029-300x225.jpg 300w, http:\/\/commune-loffre.fr\/wp-content\/uploads\/2022\/12\/20221203_171029-768x576.jpg 768w, http:\/\/commune-loffre.fr\/wp-content\/uploads\/2022\/12\/20221203_171029-624x468.jpg 624w, http:\/\/commune-loffre.fr\/wp-content\/uploads\/2022\/12\/20221203_171029-240x180.jpg 240w\" sizes=\"(max-width: 1024px) 100vw, 1024px\" \/><\/figure><\/li><li class=\"blocks-gallery-item\"><figure><img loading=\"lazy\" decoding=\"async\" width=\"1024\" height=\"768\" src=\"http:\/\/commune-loffre.fr\/wp-content\/uploads\/2022\/12\/20221203_162107-1024x768.jpg\" alt=\"\" data-id=\"6603\" data-link=\"http:\/\/commune-loffre.fr\/index.php\/2022\/12\/11\/telethon-2022\/20221203_162107\/\" class=\"wp-image-6603\" srcset=\"http:\/\/commune-loffre.fr\/wp-content\/uploads\/2022\/12\/20221203_162107-1024x768.jpg 1024w, http:\/\/commune-loffre.fr\/wp-content\/uploads\/2022\/12\/20221203_162107-300x225.jpg 300w, http:\/\/commune-loffre.fr\/wp-content\/uploads\/2022\/12\/20221203_162107-768x576.jpg 768w, http:\/\/commune-loffre.fr\/wp-content\/uploads\/2022\/12\/20221203_162107-624x468.jpg 624w, http:\/\/commune-loffre.fr\/wp-content\/uploads\/2022\/12\/20221203_162107-240x180.jpg 240w\" sizes=\"(max-width: 1024px) 100vw, 1024px\" \/><\/figure><\/li><li class=\"blocks-gallery-item\"><figure><img loading=\"lazy\" decoding=\"async\" width=\"1024\" height=\"768\" src=\"http:\/\/commune-loffre.fr\/wp-content\/uploads\/2022\/12\/20221203_162054-1024x768.jpg\" alt=\"\" data-id=\"6604\" data-link=\"http:\/\/commune-loffre.fr\/index.php\/2022\/12\/11\/telethon-2022\/20221203_162054\/\" class=\"wp-image-6604\" srcset=\"http:\/\/commune-loffre.fr\/wp-content\/uploads\/2022\/12\/20221203_162054-1024x768.jpg 1024w, http:\/\/commune-loffre.fr\/wp-content\/uploads\/2022\/12\/20221203_162054-300x225.jpg 300w, http:\/\/commune-loffre.fr\/wp-content\/uploads\/2022\/12\/20221203_162054-768x576.jpg 768w, http:\/\/commune-loffre.fr\/wp-content\/uploads\/2022\/12\/20221203_162054-624x468.jpg 624w, http:\/\/commune-loffre.fr\/wp-content\/uploads\/2022\/12\/20221203_162054-240x180.jpg 240w\" sizes=\"(max-width: 1024px) 100vw, 1024px\" \/><\/figure><\/li><li class=\"blocks-gallery-item\"><figure><img loading=\"lazy\" decoding=\"async\" width=\"1024\" height=\"768\" src=\"http:\/\/commune-loffre.fr\/wp-content\/uploads\/2022\/12\/20221203_161856-1024x768.jpg\" alt=\"\" data-id=\"6605\" data-link=\"http:\/\/commune-loffre.fr\/index.php\/2022\/12\/11\/telethon-2022\/20221203_161856\/\" class=\"wp-image-6605\" srcset=\"http:\/\/commune-loffre.fr\/wp-content\/uploads\/2022\/12\/20221203_161856-1024x768.jpg 1024w, http:\/\/commune-loffre.fr\/wp-content\/uploads\/2022\/12\/20221203_161856-300x225.jpg 300w, http:\/\/commune-loffre.fr\/wp-content\/uploads\/2022\/12\/20221203_161856-768x576.jpg 768w, http:\/\/commune-loffre.fr\/wp-content\/uploads\/2022\/12\/20221203_161856-624x468.jpg 624w, http:\/\/commune-loffre.fr\/wp-content\/uploads\/2022\/12\/20221203_161856-240x180.jpg 240w\" sizes=\"(max-width: 1024px) 100vw, 1024px\" \/><\/figure><\/li><li class=\"blocks-gallery-item\"><figure><img loading=\"lazy\" decoding=\"async\" width=\"1024\" height=\"768\" src=\"http:\/\/commune-loffre.fr\/wp-content\/uploads\/2022\/12\/20221203_161734-1024x768.jpg\" alt=\"\" data-id=\"6606\" data-link=\"http:\/\/commune-loffre.fr\/index.php\/2022\/12\/11\/telethon-2022\/20221203_161734\/\" class=\"wp-image-6606\" srcset=\"http:\/\/commune-loffre.fr\/wp-content\/uploads\/2022\/12\/20221203_161734-1024x768.jpg 1024w, http:\/\/commune-loffre.fr\/wp-content\/uploads\/2022\/12\/20221203_161734-300x225.jpg 300w, http:\/\/commune-loffre.fr\/wp-content\/uploads\/2022\/12\/20221203_161734-768x576.jpg 768w, http:\/\/commune-loffre.fr\/wp-content\/uploads\/2022\/12\/20221203_161734-624x468.jpg 624w, http:\/\/commune-loffre.fr\/wp-content\/uploads\/2022\/12\/20221203_161734-240x180.jpg 240w\" sizes=\"(max-width: 1024px) 100vw, 1024px\" \/><\/figure><\/li><li class=\"blocks-gallery-item\"><figure><img loading=\"lazy\" decoding=\"async\" width=\"1024\" height=\"473\" src=\"http:\/\/commune-loffre.fr\/wp-content\/uploads\/2022\/12\/IMG-20221203-WA0010-1024x473.jpg\" alt=\"\" data-id=\"6609\" data-link=\"http:\/\/commune-loffre.fr\/index.php\/galerie\/img-20221203-wa0010\/\" class=\"wp-image-6609\" srcset=\"http:\/\/commune-loffre.fr\/wp-content\/uploads\/2022\/12\/IMG-20221203-WA0010-1024x473.jpg 1024w, http:\/\/commune-loffre.fr\/wp-content\/uploads\/2022\/12\/IMG-20221203-WA0010-300x138.jpg 300w, http:\/\/commune-loffre.fr\/wp-content\/uploads\/2022\/12\/IMG-20221203-WA0010-768x354.jpg 768w, http:\/\/commune-loffre.fr\/wp-content\/uploads\/2022\/12\/IMG-20221203-WA0010-624x288.jpg 624w, http:\/\/commune-loffre.fr\/wp-content\/uploads\/2022\/12\/IMG-20221203-WA0010.jpg 2000w\" sizes=\"(max-width: 1024px) 100vw, 1024px\" \/><\/figure><\/li><\/ul>\n","protected":false},"excerpt":{"rendered":"<p>Le T\u00e9l\u00e9thon 2022 sous le signe de la musique \u00e0 LOFFRE Le programme du T\u00e9l\u00e9thon 2022 s&rsquo;est d\u00e9roul\u00e9 \u00e0 LOFFRE sous le signe de la musique. La municipalit\u00e9 accueillait un&#8230; <a href=\"http:\/\/commune-loffre.fr\/index.php\/2022\/12\/11\/telethon-2022\/\">Read more &raquo;<\/a><\/p>\n","protected":false},"author":1,"featured_media":6609,"comment_status":"closed","ping_status":"closed","sticky":false,"template":"","format":"standard","meta":{"footnotes":""},"categories":[1],"tags":[],"_links":{"self":[{"href":"http:\/\/commune-loffre.fr\/index.php\/wp-json\/wp\/v2\/posts\/6600"}],"collection":[{"href":"http:\/\/commune-loffre.fr\/index.php\/wp-json\/wp\/v2\/posts"}],"about":[{"href":"http:\/\/commune-loffre.fr\/index.php\/wp-json\/wp\/v2\/types\/post"}],"author":[{"embeddable":true,"href":"http:\/\/commune-loffre.fr\/index.php\/wp-json\/wp\/v2\/users\/1"}],"replies":[{"embeddable":true,"href":"http:\/\/commune-loffre.fr\/index.php\/wp-json\/wp\/v2\/comments?post=6600"}],"version-history":[{"count":2,"href":"http:\/\/commune-loffre.fr\/index.php\/wp-json\/wp\/v2\/posts\/6600\/revisions"}],"predecessor-version":[{"id":6613,"href":"http:\/\/commune-loffre.fr\/index.php\/wp-json\/wp\/v2\/posts\/6600\/revisions\/6613"}],"wp:featuredmedia":[{"embeddable":true,"href":"http:\/\/commune-loffre.fr\/index.php\/wp-json\/wp\/v2\/media\/6609"}],"wp:attachment":[{"href":"http:\/\/commune-loffre.fr\/index.php\/wp-json\/wp\/v2\/media?parent=6600"}],"wp:term":[{"taxonomy":"category","embeddable":true,"href":"http:\/\/commune-loffre.fr\/index.php\/wp-json\/wp\/v2\/categories?post=6600"},{"taxonomy":"post_tag","embeddable":true,"href":"http:\/\/commune-loffre.fr\/index.php\/wp-json\/wp\/v2\/tags?post=6600"}],"curies":[{"name":"wp","href":"https:\/\/api.w.org\/{rel}","templated":true}]}}