{"id":6578,"date":"2022-11-27T18:10:19","date_gmt":"2022-11-27T17:10:19","guid":{"rendered":"http:\/\/commune-loffre.fr\/?p=6578"},"modified":"2022-11-27T18:12:56","modified_gmt":"2022-11-27T17:12:56","slug":"micro-creche-2","status":"publish","type":"post","link":"http:\/\/commune-loffre.fr\/index.php\/2022\/11\/27\/micro-creche-2\/","title":{"rendered":"Micro Cr\u00e8che"},"content":{"rendered":"\n<p>Laura Cabre s\u2019est lanc\u00e9e&nbsp;! Cette jeune psychomotricienne ayant travaill\u00e9 en IME accueille depuis d\u00e9but novembre 12 enfants, rue des Moines. <\/p>\n\n\n\n<p>Dans un b\u00e2timent de 140m\u00b2 flambant neuf, Laura, Clara, Chlo\u00e9 et Ang\u00e9lique, toutes dipl\u00f4m\u00e9es de la Petite Enfance, sont pr\u00e9sentes&nbsp; pour s\u2019occuper des enfants \u00e2g\u00e9s de 10 semaines \u00e0 3 ans. Des enfants (jusqu\u2019\u00e0 5 ans) peuvent \u00eatre accueillis en p\u00e9riscolaire le mercredi et pendant les vacances&nbsp;.<\/p>\n\n\n\n<ul class=\"wp-block-gallery columns-2 is-cropped wp-block-gallery-1 is-layout-flex wp-block-gallery-is-layout-flex\"><li class=\"blocks-gallery-item\"><figure><img loading=\"lazy\" decoding=\"async\" width=\"1024\" height=\"652\" src=\"http:\/\/commune-loffre.fr\/wp-content\/uploads\/2022\/11\/IMG-20221121-WA0000-1-1024x652.jpg\" alt=\"\" data-id=\"6580\" data-link=\"http:\/\/commune-loffre.fr\/index.php\/2022\/11\/27\/micro-creche-2\/img-20221121-wa0000-1\/\" class=\"wp-image-6580\" srcset=\"http:\/\/commune-loffre.fr\/wp-content\/uploads\/2022\/11\/IMG-20221121-WA0000-1-1024x652.jpg 1024w, http:\/\/commune-loffre.fr\/wp-content\/uploads\/2022\/11\/IMG-20221121-WA0000-1-300x191.jpg 300w, http:\/\/commune-loffre.fr\/wp-content\/uploads\/2022\/11\/IMG-20221121-WA0000-1-768x489.jpg 768w, http:\/\/commune-loffre.fr\/wp-content\/uploads\/2022\/11\/IMG-20221121-WA0000-1-624x397.jpg 624w, http:\/\/commune-loffre.fr\/wp-content\/uploads\/2022\/11\/IMG-20221121-WA0000-1.jpg 1600w\" sizes=\"(max-width: 1024px) 100vw, 1024px\" \/><\/figure><\/li><li class=\"blocks-gallery-item\"><figure><img loading=\"lazy\" decoding=\"async\" width=\"1024\" height=\"768\" src=\"http:\/\/commune-loffre.fr\/wp-content\/uploads\/2022\/11\/20221117_160753-1024x768.jpg\" alt=\"\" data-id=\"6583\" data-link=\"http:\/\/commune-loffre.fr\/index.php\/2022\/11\/27\/micro-creche-2\/20221117_160753\/\" class=\"wp-image-6583\" srcset=\"http:\/\/commune-loffre.fr\/wp-content\/uploads\/2022\/11\/20221117_160753-1024x768.jpg 1024w, http:\/\/commune-loffre.fr\/wp-content\/uploads\/2022\/11\/20221117_160753-300x225.jpg 300w, http:\/\/commune-loffre.fr\/wp-content\/uploads\/2022\/11\/20221117_160753-768x576.jpg 768w, http:\/\/commune-loffre.fr\/wp-content\/uploads\/2022\/11\/20221117_160753-624x468.jpg 624w, http:\/\/commune-loffre.fr\/wp-content\/uploads\/2022\/11\/20221117_160753-240x180.jpg 240w\" sizes=\"(max-width: 1024px) 100vw, 1024px\" \/><\/figure><\/li><li class=\"blocks-gallery-item\"><figure><img loading=\"lazy\" decoding=\"async\" width=\"768\" height=\"1024\" src=\"http:\/\/commune-loffre.fr\/wp-content\/uploads\/2022\/11\/20221117_160837-e1669568995947-768x1024.jpg\" alt=\"\" data-id=\"6586\" data-link=\"http:\/\/commune-loffre.fr\/index.php\/2022\/11\/27\/micro-creche-2\/20221117_160837\/\" class=\"wp-image-6586\" srcset=\"http:\/\/commune-loffre.fr\/wp-content\/uploads\/2022\/11\/20221117_160837-e1669568995947-768x1024.jpg 768w, http:\/\/commune-loffre.fr\/wp-content\/uploads\/2022\/11\/20221117_160837-e1669568995947-225x300.jpg 225w, http:\/\/commune-loffre.fr\/wp-content\/uploads\/2022\/11\/20221117_160837-e1669568995947-624x832.jpg 624w\" sizes=\"(max-width: 768px) 100vw, 768px\" \/><\/figure><\/li><\/ul>\n\n\n\n<p>Laura et son \u00e9quipe mettent un point d\u2019honneur \u00e0 s\u2019adapter avec bienveillance aux besoins et au d\u00e9veloppement de chaque enfant. Nul besoin de fournir le repas et les couches. Laura Cabre a fait le choix de simplifier au maximum le travail des parents et propose des repas bio et locaux livr\u00e9s par Croc La vie (restauration bio pour les moins de 3 ans)<\/p>\n\n\n\n<ul class=\"wp-block-gallery columns-2 is-cropped wp-block-gallery-2 is-layout-flex wp-block-gallery-is-layout-flex\"><li class=\"blocks-gallery-item\"><figure><img loading=\"lazy\" decoding=\"async\" width=\"1024\" height=\"768\" src=\"http:\/\/commune-loffre.fr\/wp-content\/uploads\/2022\/11\/20221117_160831-1024x768.jpg\" alt=\"\" data-id=\"6590\" data-link=\"http:\/\/commune-loffre.fr\/index.php\/2022\/11\/27\/micro-creche-2\/20221117_160831\/\" class=\"wp-image-6590\" srcset=\"http:\/\/commune-loffre.fr\/wp-content\/uploads\/2022\/11\/20221117_160831-1024x768.jpg 1024w, http:\/\/commune-loffre.fr\/wp-content\/uploads\/2022\/11\/20221117_160831-300x225.jpg 300w, http:\/\/commune-loffre.fr\/wp-content\/uploads\/2022\/11\/20221117_160831-768x576.jpg 768w, http:\/\/commune-loffre.fr\/wp-content\/uploads\/2022\/11\/20221117_160831-624x468.jpg 624w, http:\/\/commune-loffre.fr\/wp-content\/uploads\/2022\/11\/20221117_160831-240x180.jpg 240w\" sizes=\"(max-width: 1024px) 100vw, 1024px\" \/><\/figure><\/li><li class=\"blocks-gallery-item\"><figure><img loading=\"lazy\" decoding=\"async\" width=\"1024\" height=\"768\" src=\"http:\/\/commune-loffre.fr\/wp-content\/uploads\/2022\/11\/20221117_160854-1024x768.jpg\" alt=\"\" data-id=\"6591\" data-link=\"http:\/\/commune-loffre.fr\/index.php\/2022\/11\/27\/micro-creche-2\/20221117_160854\/\" class=\"wp-image-6591\" srcset=\"http:\/\/commune-loffre.fr\/wp-content\/uploads\/2022\/11\/20221117_160854-1024x768.jpg 1024w, http:\/\/commune-loffre.fr\/wp-content\/uploads\/2022\/11\/20221117_160854-300x225.jpg 300w, http:\/\/commune-loffre.fr\/wp-content\/uploads\/2022\/11\/20221117_160854-768x576.jpg 768w, http:\/\/commune-loffre.fr\/wp-content\/uploads\/2022\/11\/20221117_160854-624x468.jpg 624w, http:\/\/commune-loffre.fr\/wp-content\/uploads\/2022\/11\/20221117_160854-240x180.jpg 240w\" sizes=\"(max-width: 1024px) 100vw, 1024px\" \/><\/figure><\/li><li class=\"blocks-gallery-item\"><figure><img loading=\"lazy\" decoding=\"async\" width=\"1024\" height=\"768\" src=\"http:\/\/commune-loffre.fr\/wp-content\/uploads\/2022\/11\/20221117_161217-1024x768.jpg\" alt=\"\" data-id=\"6592\" data-link=\"http:\/\/commune-loffre.fr\/index.php\/2022\/11\/27\/micro-creche-2\/20221117_161217\/\" class=\"wp-image-6592\" srcset=\"http:\/\/commune-loffre.fr\/wp-content\/uploads\/2022\/11\/20221117_161217-1024x768.jpg 1024w, http:\/\/commune-loffre.fr\/wp-content\/uploads\/2022\/11\/20221117_161217-300x225.jpg 300w, http:\/\/commune-loffre.fr\/wp-content\/uploads\/2022\/11\/20221117_161217-768x576.jpg 768w, http:\/\/commune-loffre.fr\/wp-content\/uploads\/2022\/11\/20221117_161217-624x468.jpg 624w, http:\/\/commune-loffre.fr\/wp-content\/uploads\/2022\/11\/20221117_161217-240x180.jpg 240w\" sizes=\"(max-width: 1024px) 100vw, 1024px\" \/><\/figure><\/li><\/ul>\n\n\n\n<p><em>Bienvenue \u00e0\ntous nos petits koalas&nbsp;!&nbsp;<\/em><\/p>\n","protected":false},"excerpt":{"rendered":"<p>Laura Cabre s\u2019est lanc\u00e9e&nbsp;! Cette jeune psychomotricienne ayant travaill\u00e9 en IME accueille depuis d\u00e9but novembre 12 enfants, rue des Moines. Dans un b\u00e2timent de 140m\u00b2 flambant neuf, Laura, Clara, Chlo\u00e9&#8230; <a href=\"http:\/\/commune-loffre.fr\/index.php\/2022\/11\/27\/micro-creche-2\/\">Read more &raquo;<\/a><\/p>\n","protected":false},"author":1,"featured_media":6586,"comment_status":"closed","ping_status":"closed","sticky":false,"template":"","format":"standard","meta":{"footnotes":""},"categories":[1],"tags":[],"_links":{"self":[{"href":"http:\/\/commune-loffre.fr\/index.php\/wp-json\/wp\/v2\/posts\/6578"}],"collection":[{"href":"http:\/\/commune-loffre.fr\/index.php\/wp-json\/wp\/v2\/posts"}],"about":[{"href":"http:\/\/commune-loffre.fr\/index.php\/wp-json\/wp\/v2\/types\/post"}],"author":[{"embeddable":true,"href":"http:\/\/commune-loffre.fr\/index.php\/wp-json\/wp\/v2\/users\/1"}],"replies":[{"embeddable":true,"href":"http:\/\/commune-loffre.fr\/index.php\/wp-json\/wp\/v2\/comments?post=6578"}],"version-history":[{"count":4,"href":"http:\/\/commune-loffre.fr\/index.php\/wp-json\/wp\/v2\/posts\/6578\/revisions"}],"predecessor-version":[{"id":6593,"href":"http:\/\/commune-loffre.fr\/index.php\/wp-json\/wp\/v2\/posts\/6578\/revisions\/6593"}],"wp:featuredmedia":[{"embeddable":true,"href":"http:\/\/commune-loffre.fr\/index.php\/wp-json\/wp\/v2\/media\/6586"}],"wp:attachment":[{"href":"http:\/\/commune-loffre.fr\/index.php\/wp-json\/wp\/v2\/media?parent=6578"}],"wp:term":[{"taxonomy":"category","embeddable":true,"href":"http:\/\/commune-loffre.fr\/index.php\/wp-json\/wp\/v2\/categories?post=6578"},{"taxonomy":"post_tag","embeddable":true,"href":"http:\/\/commune-loffre.fr\/index.php\/wp-json\/wp\/v2\/tags?post=6578"}],"curies":[{"name":"wp","href":"https:\/\/api.w.org\/{rel}","templated":true}]}}