{"id":6460,"date":"2022-11-07T18:53:30","date_gmt":"2022-11-07T17:53:30","guid":{"rendered":"http:\/\/commune-loffre.fr\/?p=6460"},"modified":"2022-11-07T18:53:30","modified_gmt":"2022-11-07T17:53:30","slug":"siaved","status":"publish","type":"post","link":"http:\/\/commune-loffre.fr\/index.php\/2022\/11\/07\/siaved\/","title":{"rendered":"SIAVED"},"content":{"rendered":"\n<p class=\"has-text-color has-vivid-cyan-blue-color\">D\u00c9CH\u00c8TERIE : PASSAGE AUX HORAIRES D&rsquo;HIVER<\/p>\n\n\n\n<p>Le SIAVED vous informe que les d\u00e9ch\u00e8teries du SIAVED passent aux horaires d&rsquo;hiver \u00e0 partir du lundi 31 octobre 2022 :<\/p>\n\n\n\n<p>du lundi au samedi de 09h30 \u00e0 12h15 et de 13h30 \u00e0 17h00, et le dimanche de 9h00 \u00e0 12h00,<br>\nHoraires sp\u00e9ciaux de Clary : mardi, jeudi et samedi :  de 13h30 \u00e0 17h00, et le dimanche de 9h00 \u00e0 12h00.<\/p>\n\n\n\n<p class=\"has-text-color has-vivid-cyan-blue-color\">1er et 11 NOVEMBRE : SI\u00c8GE ADMINISTRATIF ET D\u00c9CH\u00c8TERIES FERM\u00c9S<\/p>\n\n\n\n<p>Les d\u00e9ch\u00e8teries, les bureaux administratifs et le Point Info D\u00e9chets du SIAVED seront ferm\u00e9s le mardi 1er novembre 2022 et le vendredi 11 novembre 2022, jours f\u00e9ri\u00e9s.<br>\nReprise pr\u00e9vue aux horaires habituels d\u00e8s le mardi 02 novembre et le samedi 12 novembre.<\/p>\n","protected":false},"excerpt":{"rendered":"<p>D\u00c9CH\u00c8TERIE : PASSAGE AUX HORAIRES D&rsquo;HIVER Le SIAVED vous informe que les d\u00e9ch\u00e8teries du SIAVED passent aux horaires d&rsquo;hiver \u00e0 partir du lundi 31 octobre 2022 : du lundi au&#8230; <a href=\"http:\/\/commune-loffre.fr\/index.php\/2022\/11\/07\/siaved\/\">Read more &raquo;<\/a><\/p>\n","protected":false},"author":1,"featured_media":0,"comment_status":"closed","ping_status":"closed","sticky":false,"template":"","format":"standard","meta":{"footnotes":""},"categories":[1],"tags":[],"_links":{"self":[{"href":"http:\/\/commune-loffre.fr\/index.php\/wp-json\/wp\/v2\/posts\/6460"}],"collection":[{"href":"http:\/\/commune-loffre.fr\/index.php\/wp-json\/wp\/v2\/posts"}],"about":[{"href":"http:\/\/commune-loffre.fr\/index.php\/wp-json\/wp\/v2\/types\/post"}],"author":[{"embeddable":true,"href":"http:\/\/commune-loffre.fr\/index.php\/wp-json\/wp\/v2\/users\/1"}],"replies":[{"embeddable":true,"href":"http:\/\/commune-loffre.fr\/index.php\/wp-json\/wp\/v2\/comments?post=6460"}],"version-history":[{"count":1,"href":"http:\/\/commune-loffre.fr\/index.php\/wp-json\/wp\/v2\/posts\/6460\/revisions"}],"predecessor-version":[{"id":6461,"href":"http:\/\/commune-loffre.fr\/index.php\/wp-json\/wp\/v2\/posts\/6460\/revisions\/6461"}],"wp:attachment":[{"href":"http:\/\/commune-loffre.fr\/index.php\/wp-json\/wp\/v2\/media?parent=6460"}],"wp:term":[{"taxonomy":"category","embeddable":true,"href":"http:\/\/commune-loffre.fr\/index.php\/wp-json\/wp\/v2\/categories?post=6460"},{"taxonomy":"post_tag","embeddable":true,"href":"http:\/\/commune-loffre.fr\/index.php\/wp-json\/wp\/v2\/tags?post=6460"}],"curies":[{"name":"wp","href":"https:\/\/api.w.org\/{rel}","templated":true}]}}