{"id":6413,"date":"2022-09-20T16:49:10","date_gmt":"2022-09-20T15:49:10","guid":{"rendered":"http:\/\/commune-loffre.fr\/?p=6413"},"modified":"2022-09-20T16:49:10","modified_gmt":"2022-09-20T15:49:10","slug":"evenement-octobre-rose","status":"publish","type":"post","link":"http:\/\/commune-loffre.fr\/index.php\/2022\/09\/20\/evenement-octobre-rose\/","title":{"rendered":"\u00e9v\u00e9nement Octobre Rose"},"content":{"rendered":"\n<h3 class=\"wp-block-heading\"><strong>La Municipalit\u00e9 et le Comit\u00e9 des F\u00eates de Loffre organisent le Mois Rose.<\/strong><\/h3>\n\n\n\n<p style=\"text-align:center\">A partir du 1er Octobre et ce jusqu&rsquo;au 31, la Mairie sera \u00e9clair\u00e9e en rose chaque soir pour montrer son soutien \u00e0 la <strong>sensibilisation au cancer du sein.<\/strong><\/p>\n\n\n\n<h4 class=\"wp-block-heading\"><strong>Le <\/strong><strong>samedi <\/strong><strong>1er<\/strong><strong> <\/strong><strong>octobre.<\/strong><strong><\/strong><\/h4>\n\n\n\n<p><strong>&#8211; <\/strong>Marche Rose de 5 kms autour de notre village. Le d\u00e9part aura lieu \u00e0 10h de la place Poulet. <em>Participation de 2 euros au profit de la sensibilisation du d\u00e9pistage du cancer du sein.<\/em><\/p>\n\n\n\n<p>&#8211; Sur le march\u00e9 des producteurs locaux de 9h \u00e0 12h, vous retrouverez le stand du Comit\u00e9 Des F\u00eates o\u00f9 de magnifiques roses et rubans seront vendus.<\/p>\n\n\n\n<p>TOUS les\u00a0 dons et profits de cet \u00e9v\u00e9nement seront revers\u00e9s int\u00e9gralement \u00e0 une association pour la lutte contre le cancer du sein.<\/p>\n\n\n\n<p>Afin de valoriser l&rsquo;engagement de notre commune dans la promotion du\nd\u00e9pistage du cancer du sein, le CDF et la municipalit\u00e9 lancent l&rsquo;op\u00e9ration\n\u00ab&nbsp;tricots urbains et pompons roses\u00bb. Alors lancez-vous d\u00e8s \u00e0 pr\u00e9sent dans\nla confection de pompons roses ou ouvrages en tricot ou crochet en laine rose.\nCes bandes de tricot et pompons seront suspendus ou recouvriront (selon la\nquantit\u00e9) un arbre de la place ou un mobilier urbain. Tous ensemble petits et\ngrands participons \u00e0 ce d\u00e9fi !<\/p>\n\n\n\n<p><em>Pour toute question&nbsp;: cdf.loffre@gmail.com<\/em><em><\/em><\/p>\n\n\n\n<p style=\"text-align:center\"><strong>N&rsquo;oubliez pas, le d\u00e9pistage sauve des vies !<\/strong><\/p>\n","protected":false},"excerpt":{"rendered":"<p>La Municipalit\u00e9 et le Comit\u00e9 des F\u00eates de Loffre organisent le Mois Rose. A partir du 1er Octobre et ce jusqu&rsquo;au 31, la Mairie sera \u00e9clair\u00e9e en rose chaque soir&#8230; <a href=\"http:\/\/commune-loffre.fr\/index.php\/2022\/09\/20\/evenement-octobre-rose\/\">Read more &raquo;<\/a><\/p>\n","protected":false},"author":1,"featured_media":0,"comment_status":"closed","ping_status":"closed","sticky":false,"template":"","format":"standard","meta":{"footnotes":""},"categories":[1],"tags":[],"_links":{"self":[{"href":"http:\/\/commune-loffre.fr\/index.php\/wp-json\/wp\/v2\/posts\/6413"}],"collection":[{"href":"http:\/\/commune-loffre.fr\/index.php\/wp-json\/wp\/v2\/posts"}],"about":[{"href":"http:\/\/commune-loffre.fr\/index.php\/wp-json\/wp\/v2\/types\/post"}],"author":[{"embeddable":true,"href":"http:\/\/commune-loffre.fr\/index.php\/wp-json\/wp\/v2\/users\/1"}],"replies":[{"embeddable":true,"href":"http:\/\/commune-loffre.fr\/index.php\/wp-json\/wp\/v2\/comments?post=6413"}],"version-history":[{"count":1,"href":"http:\/\/commune-loffre.fr\/index.php\/wp-json\/wp\/v2\/posts\/6413\/revisions"}],"predecessor-version":[{"id":6414,"href":"http:\/\/commune-loffre.fr\/index.php\/wp-json\/wp\/v2\/posts\/6413\/revisions\/6414"}],"wp:attachment":[{"href":"http:\/\/commune-loffre.fr\/index.php\/wp-json\/wp\/v2\/media?parent=6413"}],"wp:term":[{"taxonomy":"category","embeddable":true,"href":"http:\/\/commune-loffre.fr\/index.php\/wp-json\/wp\/v2\/categories?post=6413"},{"taxonomy":"post_tag","embeddable":true,"href":"http:\/\/commune-loffre.fr\/index.php\/wp-json\/wp\/v2\/tags?post=6413"}],"curies":[{"name":"wp","href":"https:\/\/api.w.org\/{rel}","templated":true}]}}