{"id":640,"date":"2016-06-02T18:53:06","date_gmt":"2016-06-02T17:53:06","guid":{"rendered":"http:\/\/commune-loffre.fr\/?p=640"},"modified":"2016-06-02T18:54:19","modified_gmt":"2016-06-02T17:54:19","slug":"commemoration-de-la-bataille-de-verdun","status":"publish","type":"post","link":"http:\/\/commune-loffre.fr\/index.php\/2016\/06\/02\/commemoration-de-la-bataille-de-verdun\/","title":{"rendered":"Comm\u00e9moration de la bataille de Verdun"},"content":{"rendered":"<p style=\"text-align: justify;\">Le Dimanche 29 mai, Monsieur le Maire, les conseillers municipaux, l&rsquo;Association des Anciens Combattants de Loffre et les habitants se sont r\u00e9unis pour comm\u00e9morer <strong>le centenaire de la bataille de VERDUN.<\/strong> Ce fut l&rsquo;occasion\u00a0de se souvenir du sacrifice des combattants de Verdun et de rappeler l\u2019engagement r\u00e9solu de nos deux pays pour une Europe pacifique et fraternelle. Cette c\u00e9r\u00e9monie \u00e9tait tourn\u00e9e vers la m\u00e9moire, vers la jeunesse, vers l\u2019espoir, dans le respect de tous ceux qui sont tomb\u00e9s sur le champ de bataille de Verdun. Le verre de l&rsquo;amiti\u00e9 a r\u00e9uni tous les participants, au foyer rural du village.<\/p>\n\n\t\t<style type=\"text\/css\">\n\t\t\t#gallery-1 {\n\t\t\t\tmargin: auto;\n\t\t\t}\n\t\t\t#gallery-1 .gallery-item {\n\t\t\t\tfloat: left;\n\t\t\t\tmargin-top: 10px;\n\t\t\t\ttext-align: center;\n\t\t\t\twidth: 33%;\n\t\t\t}\n\t\t\t#gallery-1 img {\n\t\t\t\tborder: 2px solid #cfcfcf;\n\t\t\t}\n\t\t\t#gallery-1 .gallery-caption {\n\t\t\t\tmargin-left: 0;\n\t\t\t}\n\t\t\t\/* see gallery_shortcode() in wp-includes\/media.php *\/\n\t\t<\/style>\n\t\t<div id='gallery-1' class='gallery galleryid-640 gallery-columns-3 gallery-size-thumbnail'><dl class='gallery-item'>\n\t\t\t<dt class='gallery-icon landscape'>\n\t\t\t\t<a href='http:\/\/commune-loffre.fr\/index.php\/2016\/06\/02\/commemoration-de-la-bataille-de-verdun\/kodak-digital-still-camera\/'><img loading=\"lazy\" decoding=\"async\" width=\"150\" height=\"150\" src=\"http:\/\/commune-loffre.fr\/wp-content\/uploads\/2016\/06\/Bataille-de-Verdun-1-150x150.jpg\" class=\"attachment-thumbnail size-thumbnail\" alt=\"\" aria-describedby=\"gallery-1-641\" srcset=\"http:\/\/commune-loffre.fr\/wp-content\/uploads\/2016\/06\/Bataille-de-Verdun-1-150x150.jpg 150w, http:\/\/commune-loffre.fr\/wp-content\/uploads\/2016\/06\/Bataille-de-Verdun-1-180x180.jpg 180w, http:\/\/commune-loffre.fr\/wp-content\/uploads\/2016\/06\/Bataille-de-Verdun-1-60x60.jpg 60w\" sizes=\"(max-width: 150px) 100vw, 150px\" \/><\/a>\n\t\t\t<\/dt>\n\t\t\t\t<dd class='wp-caption-text gallery-caption' id='gallery-1-641'>\n\t\t\t\tComm\u00e9moration Bataille de Verdun\n\t\t\t\t<\/dd><\/dl><dl class='gallery-item'>\n\t\t\t<dt class='gallery-icon landscape'>\n\t\t\t\t<a href='http:\/\/commune-loffre.fr\/index.php\/2016\/06\/02\/commemoration-de-la-bataille-de-verdun\/kodak-digital-still-camera-2\/'><img loading=\"lazy\" decoding=\"async\" width=\"150\" height=\"150\" src=\"http:\/\/commune-loffre.fr\/wp-content\/uploads\/2016\/06\/Bataille-de-Verdun-2-150x150.jpg\" class=\"attachment-thumbnail size-thumbnail\" alt=\"\" aria-describedby=\"gallery-1-642\" srcset=\"http:\/\/commune-loffre.fr\/wp-content\/uploads\/2016\/06\/Bataille-de-Verdun-2-150x150.jpg 150w, http:\/\/commune-loffre.fr\/wp-content\/uploads\/2016\/06\/Bataille-de-Verdun-2-180x180.jpg 180w, http:\/\/commune-loffre.fr\/wp-content\/uploads\/2016\/06\/Bataille-de-Verdun-2-60x60.jpg 60w\" sizes=\"(max-width: 150px) 100vw, 150px\" \/><\/a>\n\t\t\t<\/dt>\n\t\t\t\t<dd class='wp-caption-text gallery-caption' id='gallery-1-642'>\n\t\t\t\tComm\u00e9moration Bataille de Verdun\n\t\t\t\t<\/dd><\/dl>\n\t\t\t<br style='clear: both' \/>\n\t\t<\/div>\n\n","protected":false},"excerpt":{"rendered":"<p>Le Dimanche 29 mai, Monsieur le Maire, les conseillers municipaux, l&rsquo;Association des Anciens Combattants de Loffre et les habitants se sont r\u00e9unis pour comm\u00e9morer le centenaire de la bataille de&#8230; <a href=\"http:\/\/commune-loffre.fr\/index.php\/2016\/06\/02\/commemoration-de-la-bataille-de-verdun\/\">Read more &raquo;<\/a><\/p>\n","protected":false},"author":1,"featured_media":0,"comment_status":"closed","ping_status":"closed","sticky":false,"template":"","format":"standard","meta":{"footnotes":""},"categories":[1],"tags":[],"_links":{"self":[{"href":"http:\/\/commune-loffre.fr\/index.php\/wp-json\/wp\/v2\/posts\/640"}],"collection":[{"href":"http:\/\/commune-loffre.fr\/index.php\/wp-json\/wp\/v2\/posts"}],"about":[{"href":"http:\/\/commune-loffre.fr\/index.php\/wp-json\/wp\/v2\/types\/post"}],"author":[{"embeddable":true,"href":"http:\/\/commune-loffre.fr\/index.php\/wp-json\/wp\/v2\/users\/1"}],"replies":[{"embeddable":true,"href":"http:\/\/commune-loffre.fr\/index.php\/wp-json\/wp\/v2\/comments?post=640"}],"version-history":[{"count":4,"href":"http:\/\/commune-loffre.fr\/index.php\/wp-json\/wp\/v2\/posts\/640\/revisions"}],"predecessor-version":[{"id":645,"href":"http:\/\/commune-loffre.fr\/index.php\/wp-json\/wp\/v2\/posts\/640\/revisions\/645"}],"wp:attachment":[{"href":"http:\/\/commune-loffre.fr\/index.php\/wp-json\/wp\/v2\/media?parent=640"}],"wp:term":[{"taxonomy":"category","embeddable":true,"href":"http:\/\/commune-loffre.fr\/index.php\/wp-json\/wp\/v2\/categories?post=640"},{"taxonomy":"post_tag","embeddable":true,"href":"http:\/\/commune-loffre.fr\/index.php\/wp-json\/wp\/v2\/tags?post=640"}],"curies":[{"name":"wp","href":"https:\/\/api.w.org\/{rel}","templated":true}]}}