{"id":6363,"date":"2022-07-17T20:45:40","date_gmt":"2022-07-17T19:45:40","guid":{"rendered":"http:\/\/commune-loffre.fr\/?p=6363"},"modified":"2022-07-17T20:46:29","modified_gmt":"2022-07-17T19:46:29","slug":"fete-de-la-tiote-tomate","status":"publish","type":"post","link":"http:\/\/commune-loffre.fr\/index.php\/2022\/07\/17\/fete-de-la-tiote-tomate\/","title":{"rendered":"F\u00eate de la Tiote Tomate"},"content":{"rendered":"\n<p>\nDates &amp; Modalit\u00e9s pour la r\u00e9servation des emplacements de la brocante : bient\u00f4t dans vos bo\u00eetes aux lettres <\/p>\n\n\n\n<figure class=\"wp-block-image\"><img loading=\"lazy\" decoding=\"async\" width=\"1024\" height=\"724\" src=\"http:\/\/commune-loffre.fr\/wp-content\/uploads\/2022\/07\/290395602_561176968984538_7934956738546772887_n-1024x724.jpg\" alt=\"\" class=\"wp-image-6328\" srcset=\"http:\/\/commune-loffre.fr\/wp-content\/uploads\/2022\/07\/290395602_561176968984538_7934956738546772887_n-1024x724.jpg 1024w, http:\/\/commune-loffre.fr\/wp-content\/uploads\/2022\/07\/290395602_561176968984538_7934956738546772887_n-300x212.jpg 300w, http:\/\/commune-loffre.fr\/wp-content\/uploads\/2022\/07\/290395602_561176968984538_7934956738546772887_n-768x543.jpg 768w, http:\/\/commune-loffre.fr\/wp-content\/uploads\/2022\/07\/290395602_561176968984538_7934956738546772887_n-624x441.jpg 624w, http:\/\/commune-loffre.fr\/wp-content\/uploads\/2022\/07\/290395602_561176968984538_7934956738546772887_n.jpg 2000w\" sizes=\"(max-width: 1024px) 100vw, 1024px\" \/><\/figure>\n\n\n\n<figure class=\"wp-block-image\"><img loading=\"lazy\" decoding=\"async\" width=\"724\" height=\"1024\" src=\"http:\/\/commune-loffre.fr\/wp-content\/uploads\/2022\/07\/290344924_561175335651368_7902987381814461354_n-724x1024.jpg\" alt=\"\" class=\"wp-image-6326\" srcset=\"http:\/\/commune-loffre.fr\/wp-content\/uploads\/2022\/07\/290344924_561175335651368_7902987381814461354_n-724x1024.jpg 724w, http:\/\/commune-loffre.fr\/wp-content\/uploads\/2022\/07\/290344924_561175335651368_7902987381814461354_n-212x300.jpg 212w, http:\/\/commune-loffre.fr\/wp-content\/uploads\/2022\/07\/290344924_561175335651368_7902987381814461354_n-768x1086.jpg 768w, http:\/\/commune-loffre.fr\/wp-content\/uploads\/2022\/07\/290344924_561175335651368_7902987381814461354_n-624x883.jpg 624w, http:\/\/commune-loffre.fr\/wp-content\/uploads\/2022\/07\/290344924_561175335651368_7902987381814461354_n.jpg 1448w\" sizes=\"(max-width: 724px) 100vw, 724px\" \/><\/figure>\n","protected":false},"excerpt":{"rendered":"<p>Dates &amp; Modalit\u00e9s pour la r\u00e9servation des emplacements de la brocante : bient\u00f4t dans vos bo\u00eetes aux lettres<\/p>\n","protected":false},"author":1,"featured_media":0,"comment_status":"closed","ping_status":"closed","sticky":false,"template":"","format":"standard","meta":{"footnotes":""},"categories":[1],"tags":[],"_links":{"self":[{"href":"http:\/\/commune-loffre.fr\/index.php\/wp-json\/wp\/v2\/posts\/6363"}],"collection":[{"href":"http:\/\/commune-loffre.fr\/index.php\/wp-json\/wp\/v2\/posts"}],"about":[{"href":"http:\/\/commune-loffre.fr\/index.php\/wp-json\/wp\/v2\/types\/post"}],"author":[{"embeddable":true,"href":"http:\/\/commune-loffre.fr\/index.php\/wp-json\/wp\/v2\/users\/1"}],"replies":[{"embeddable":true,"href":"http:\/\/commune-loffre.fr\/index.php\/wp-json\/wp\/v2\/comments?post=6363"}],"version-history":[{"count":2,"href":"http:\/\/commune-loffre.fr\/index.php\/wp-json\/wp\/v2\/posts\/6363\/revisions"}],"predecessor-version":[{"id":6365,"href":"http:\/\/commune-loffre.fr\/index.php\/wp-json\/wp\/v2\/posts\/6363\/revisions\/6365"}],"wp:attachment":[{"href":"http:\/\/commune-loffre.fr\/index.php\/wp-json\/wp\/v2\/media?parent=6363"}],"wp:term":[{"taxonomy":"category","embeddable":true,"href":"http:\/\/commune-loffre.fr\/index.php\/wp-json\/wp\/v2\/categories?post=6363"},{"taxonomy":"post_tag","embeddable":true,"href":"http:\/\/commune-loffre.fr\/index.php\/wp-json\/wp\/v2\/tags?post=6363"}],"curies":[{"name":"wp","href":"https:\/\/api.w.org\/{rel}","templated":true}]}}