{"id":6334,"date":"2022-07-05T19:02:20","date_gmt":"2022-07-05T18:02:20","guid":{"rendered":"http:\/\/commune-loffre.fr\/?p=6334"},"modified":"2022-07-05T19:06:22","modified_gmt":"2022-07-05T18:06:22","slug":"jean-michel","status":"publish","type":"post","link":"http:\/\/commune-loffre.fr\/index.php\/2022\/07\/05\/jean-michel\/","title":{"rendered":"Jean Michel"},"content":{"rendered":"\n<p>\nAujourd&rsquo;hui  c&rsquo;est   le   dernier   jour   de travail   dans  notre  commune  pour  notre  Jean Michel apr\u00e8s   40  ann\u00e9es  consacr\u00e9es  au  bien \u00eatre  de  Loffre. Avec  ses coll\u00e8gues   il  a grandement  particip\u00e9 \u00e0 la   m\u00e9tamorphose  de notre village.  Durant  sa  longue  carri\u00e8re  nous  avons   pu appr\u00e9cier  cet    homme courageux,   jovial, droit et  sinc\u00e8re, toujours  \u00e0  l&rsquo;\u00e9coute  des   loffriens.  Pendant  15  ans,   il  a fait  \u00e9quipe   avec   notre  Emmanuel, leur   complicit\u00e9 ,  amiti\u00e9 et   fraternit\u00e9   nous  ont  fait  chaud au coeur.   \nMerci  Jean   Michel   pour tout  ce que  tu  as   fait  pour  nous.\nBonne  retraite,  tu  resteras  notre   loffrien de  coeur.\n\n<\/p>\n\n\n\n<ul class=\"wp-block-gallery columns-2 is-cropped wp-block-gallery-1 is-layout-flex wp-block-gallery-is-layout-flex\"><li class=\"blocks-gallery-item\"><figure><img loading=\"lazy\" decoding=\"async\" width=\"655\" height=\"671\" src=\"http:\/\/commune-loffre.fr\/wp-content\/uploads\/2022\/07\/Screenshot-2022-07-05-at-20-01-07-GROUPE-LOFFRE-Aujourdhui-cest-le-dernier-jour-de-travail-dans-notre-commune-pour-notre-Jean-Michel-apr\u00e8s-40-ann\u00e9es-consacr\u00e9es-au-bien-\u00eat.png\" alt=\"\" data-id=\"6335\" data-link=\"http:\/\/commune-loffre.fr\/?attachment_id=6335\" class=\"wp-image-6335\" srcset=\"http:\/\/commune-loffre.fr\/wp-content\/uploads\/2022\/07\/Screenshot-2022-07-05-at-20-01-07-GROUPE-LOFFRE-Aujourdhui-cest-le-dernier-jour-de-travail-dans-notre-commune-pour-notre-Jean-Michel-apr\u00e8s-40-ann\u00e9es-consacr\u00e9es-au-bien-\u00eat.png 655w, http:\/\/commune-loffre.fr\/wp-content\/uploads\/2022\/07\/Screenshot-2022-07-05-at-20-01-07-GROUPE-LOFFRE-Aujourdhui-cest-le-dernier-jour-de-travail-dans-notre-commune-pour-notre-Jean-Michel-apr\u00e8s-40-ann\u00e9es-consacr\u00e9es-au-bien-\u00eat-293x300.png 293w, http:\/\/commune-loffre.fr\/wp-content\/uploads\/2022\/07\/Screenshot-2022-07-05-at-20-01-07-GROUPE-LOFFRE-Aujourdhui-cest-le-dernier-jour-de-travail-dans-notre-commune-pour-notre-Jean-Michel-apr\u00e8s-40-ann\u00e9es-consacr\u00e9es-au-bien-\u00eat-624x639.png 624w, http:\/\/commune-loffre.fr\/wp-content\/uploads\/2022\/07\/Screenshot-2022-07-05-at-20-01-07-GROUPE-LOFFRE-Aujourdhui-cest-le-dernier-jour-de-travail-dans-notre-commune-pour-notre-Jean-Michel-apr\u00e8s-40-ann\u00e9es-consacr\u00e9es-au-bien-\u00eat-60x60.png 60w\" sizes=\"(max-width: 655px) 100vw, 655px\" \/><\/figure><\/li><li class=\"blocks-gallery-item\"><figure><img loading=\"lazy\" decoding=\"async\" width=\"631\" height=\"759\" src=\"http:\/\/commune-loffre.fr\/wp-content\/uploads\/2022\/07\/Screenshot-2022-07-05-at-20-00-43-GROUPE-LOFFRE-Aujourdhui-cest-le-dernier-jour-de-travail-dans-notre-commune-pour-notre-Jean-Michel-apr\u00e8s-40-ann\u00e9es-consacr\u00e9es-au-bien-\u00eat.png\" alt=\"\" data-id=\"6336\" data-link=\"http:\/\/commune-loffre.fr\/?attachment_id=6336\" class=\"wp-image-6336\" srcset=\"http:\/\/commune-loffre.fr\/wp-content\/uploads\/2022\/07\/Screenshot-2022-07-05-at-20-00-43-GROUPE-LOFFRE-Aujourdhui-cest-le-dernier-jour-de-travail-dans-notre-commune-pour-notre-Jean-Michel-apr\u00e8s-40-ann\u00e9es-consacr\u00e9es-au-bien-\u00eat.png 631w, http:\/\/commune-loffre.fr\/wp-content\/uploads\/2022\/07\/Screenshot-2022-07-05-at-20-00-43-GROUPE-LOFFRE-Aujourdhui-cest-le-dernier-jour-de-travail-dans-notre-commune-pour-notre-Jean-Michel-apr\u00e8s-40-ann\u00e9es-consacr\u00e9es-au-bien-\u00eat-249x300.png 249w, http:\/\/commune-loffre.fr\/wp-content\/uploads\/2022\/07\/Screenshot-2022-07-05-at-20-00-43-GROUPE-LOFFRE-Aujourdhui-cest-le-dernier-jour-de-travail-dans-notre-commune-pour-notre-Jean-Michel-apr\u00e8s-40-ann\u00e9es-consacr\u00e9es-au-bien-\u00eat-624x751.png 624w\" sizes=\"(max-width: 631px) 100vw, 631px\" \/><\/figure><\/li><\/ul>\n\n\n\n<figure class=\"wp-block-image\"><img loading=\"lazy\" decoding=\"async\" width=\"1024\" height=\"474\" src=\"http:\/\/commune-loffre.fr\/wp-content\/uploads\/2022\/07\/290810383_5330261073701335_8377767791152546385_n-1024x474.jpg\" alt=\"\" class=\"wp-image-6347\" srcset=\"http:\/\/commune-loffre.fr\/wp-content\/uploads\/2022\/07\/290810383_5330261073701335_8377767791152546385_n-1024x474.jpg 1024w, http:\/\/commune-loffre.fr\/wp-content\/uploads\/2022\/07\/290810383_5330261073701335_8377767791152546385_n-300x139.jpg 300w, http:\/\/commune-loffre.fr\/wp-content\/uploads\/2022\/07\/290810383_5330261073701335_8377767791152546385_n-768x355.jpg 768w, http:\/\/commune-loffre.fr\/wp-content\/uploads\/2022\/07\/290810383_5330261073701335_8377767791152546385_n-624x289.jpg 624w, http:\/\/commune-loffre.fr\/wp-content\/uploads\/2022\/07\/290810383_5330261073701335_8377767791152546385_n.jpg 2048w\" sizes=\"(max-width: 1024px) 100vw, 1024px\" \/><\/figure>\n\n\n\n<p>\nL\n ape souhaite une excellente derni\u00e8re journ\u00e9e de travail demain \u00e0 Jean \nMichel. Profitez bien de votre retraite, merci pour votre aide tout le \nlong de ces ann\u00e9es.\n\n<\/p>\n","protected":false},"excerpt":{"rendered":"<p>Aujourd&rsquo;hui c&rsquo;est le dernier jour de travail dans notre commune pour notre Jean Michel apr\u00e8s 40 ann\u00e9es consacr\u00e9es au bien \u00eatre de Loffre. Avec ses coll\u00e8gues il a grandement particip\u00e9&#8230; <a href=\"http:\/\/commune-loffre.fr\/index.php\/2022\/07\/05\/jean-michel\/\">Read more &raquo;<\/a><\/p>\n","protected":false},"author":1,"featured_media":6336,"comment_status":"closed","ping_status":"closed","sticky":false,"template":"","format":"standard","meta":{"footnotes":""},"categories":[1],"tags":[],"_links":{"self":[{"href":"http:\/\/commune-loffre.fr\/index.php\/wp-json\/wp\/v2\/posts\/6334"}],"collection":[{"href":"http:\/\/commune-loffre.fr\/index.php\/wp-json\/wp\/v2\/posts"}],"about":[{"href":"http:\/\/commune-loffre.fr\/index.php\/wp-json\/wp\/v2\/types\/post"}],"author":[{"embeddable":true,"href":"http:\/\/commune-loffre.fr\/index.php\/wp-json\/wp\/v2\/users\/1"}],"replies":[{"embeddable":true,"href":"http:\/\/commune-loffre.fr\/index.php\/wp-json\/wp\/v2\/comments?post=6334"}],"version-history":[{"count":2,"href":"http:\/\/commune-loffre.fr\/index.php\/wp-json\/wp\/v2\/posts\/6334\/revisions"}],"predecessor-version":[{"id":6348,"href":"http:\/\/commune-loffre.fr\/index.php\/wp-json\/wp\/v2\/posts\/6334\/revisions\/6348"}],"wp:featuredmedia":[{"embeddable":true,"href":"http:\/\/commune-loffre.fr\/index.php\/wp-json\/wp\/v2\/media\/6336"}],"wp:attachment":[{"href":"http:\/\/commune-loffre.fr\/index.php\/wp-json\/wp\/v2\/media?parent=6334"}],"wp:term":[{"taxonomy":"category","embeddable":true,"href":"http:\/\/commune-loffre.fr\/index.php\/wp-json\/wp\/v2\/categories?post=6334"},{"taxonomy":"post_tag","embeddable":true,"href":"http:\/\/commune-loffre.fr\/index.php\/wp-json\/wp\/v2\/tags?post=6334"}],"curies":[{"name":"wp","href":"https:\/\/api.w.org\/{rel}","templated":true}]}}