{"id":6330,"date":"2022-07-05T18:56:51","date_gmt":"2022-07-05T17:56:51","guid":{"rendered":"http:\/\/commune-loffre.fr\/?p=6330"},"modified":"2022-07-05T18:57:04","modified_gmt":"2022-07-05T17:57:04","slug":"fete-des-peres-7","status":"publish","type":"post","link":"http:\/\/commune-loffre.fr\/index.php\/2022\/07\/05\/fete-des-peres-7\/","title":{"rendered":"F\u00eate des P\u00e8res"},"content":{"rendered":"\n<p>Des papas, beaucoup de papas pour f\u00eater la f\u00eate des p\u00e8res. Encore une fois les Loffriens ont r\u00e9pondu pr\u00e9sents. Ils se sont vus offerts un coffret de bi\u00e8re du Comptoir De Flore. Merci au Comit\u00e9 des f\u00eates pour l&rsquo;organisation de cet \u00e9v\u00e9nement.\u00a0<\/p>\n\n\n\n<p>La gente masculine loffrienne s\u2019est r\u00e9unie ce dimanche 26\/06 \u00e0 l\u2019occasion de la F\u00eate des P\u00e8res. <br>\nCe rendez-vous, strictement interdit aux femmes \ud83d\udeab, est une tradition, <br>\n\u00e0 laquelle les loffriennes comme les loffriens, sont tr\u00e8s attach\u00e9s \ud83e\udd70. <br>\nEn effet, elle souligne l\u2019importance que chacun a au sein d\u2019une famille et contribue \u00e0 l\u2019\u00e9change \ud83d\udd01 interg\u00e9n\u00e9rationnel. S\u2019il y a peu, seule une vingtaine d\u2019hommes se r\u00e9unissaient pour cette occasion ; hier, il y avait 90 inscrits. Plus d\u2019une cinquantaine de personnes \u00e9taient pr\u00e9sentes dont de nouveaux arrivants dans la commune et\/ou de jeunes papas. Emp\u00each\u00e9s ou ne pouvant plus se d\u00e9placer, les papas inscrits mais absents recevront bien \u00e9videmment leur colis. Ce regain d\u2019int\u00e9r\u00eat a \u00e9t\u00e9 insuffl\u00e9 par Monsieur Fr\u00e9d\u00e9ric Viremouneix, adjoint aux F\u00eates, qui a su, avec le soutien de Monsieur le Maire et de la Municipalit\u00e9 rallier \u00e0 cet \u00e9v\u00e9nement la nouvelle g\u00e9n\u00e9ration loffrienne. Apr\u00e8s avoir partag\u00e9 le verre de l\u2019amiti\u00e9, chacun est reparti avec un coffret de deux bi\u00e8res artisanales du Comptoir De Flore, Sp\u00e9cialit\u00e9s R\u00e9gionales &#8211; Cadeaux. Merci \u00e0 tous et \u00e0 l\u2019ann\u00e9e prochaine encore plus nombreux !<\/p>\n\n\n\n<ul class=\"wp-block-gallery columns-2 is-cropped wp-block-gallery-1 is-layout-flex wp-block-gallery-is-layout-flex\"><li class=\"blocks-gallery-item\"><figure><img loading=\"lazy\" decoding=\"async\" width=\"1024\" height=\"768\" src=\"http:\/\/commune-loffre.fr\/wp-content\/uploads\/2022\/07\/290693715_556635452772023_3496529598849192490_n-1024x768.jpg\" alt=\"\" data-id=\"6331\" data-link=\"http:\/\/commune-loffre.fr\/?attachment_id=6331\" class=\"wp-image-6331\" srcset=\"http:\/\/commune-loffre.fr\/wp-content\/uploads\/2022\/07\/290693715_556635452772023_3496529598849192490_n.jpg 1024w, http:\/\/commune-loffre.fr\/wp-content\/uploads\/2022\/07\/290693715_556635452772023_3496529598849192490_n-300x225.jpg 300w, http:\/\/commune-loffre.fr\/wp-content\/uploads\/2022\/07\/290693715_556635452772023_3496529598849192490_n-768x576.jpg 768w, http:\/\/commune-loffre.fr\/wp-content\/uploads\/2022\/07\/290693715_556635452772023_3496529598849192490_n-624x468.jpg 624w, http:\/\/commune-loffre.fr\/wp-content\/uploads\/2022\/07\/290693715_556635452772023_3496529598849192490_n-240x180.jpg 240w\" sizes=\"(max-width: 1024px) 100vw, 1024px\" \/><\/figure><\/li><li class=\"blocks-gallery-item\"><figure><img loading=\"lazy\" decoding=\"async\" width=\"933\" height=\"1024\" src=\"http:\/\/commune-loffre.fr\/wp-content\/uploads\/2022\/07\/290780818_556635446105357_7506924968163504559_n-933x1024.jpg\" alt=\"\" data-id=\"6332\" data-link=\"http:\/\/commune-loffre.fr\/?attachment_id=6332\" class=\"wp-image-6332\" srcset=\"http:\/\/commune-loffre.fr\/wp-content\/uploads\/2022\/07\/290780818_556635446105357_7506924968163504559_n-933x1024.jpg 933w, http:\/\/commune-loffre.fr\/wp-content\/uploads\/2022\/07\/290780818_556635446105357_7506924968163504559_n-273x300.jpg 273w, http:\/\/commune-loffre.fr\/wp-content\/uploads\/2022\/07\/290780818_556635446105357_7506924968163504559_n-768x843.jpg 768w, http:\/\/commune-loffre.fr\/wp-content\/uploads\/2022\/07\/290780818_556635446105357_7506924968163504559_n-624x685.jpg 624w, http:\/\/commune-loffre.fr\/wp-content\/uploads\/2022\/07\/290780818_556635446105357_7506924968163504559_n.jpg 1866w\" sizes=\"(max-width: 933px) 100vw, 933px\" \/><\/figure><\/li><\/ul>\n","protected":false},"excerpt":{"rendered":"<p>Des papas, beaucoup de papas pour f\u00eater la f\u00eate des p\u00e8res. Encore une fois les Loffriens ont r\u00e9pondu pr\u00e9sents. Ils se sont vus offerts un coffret de bi\u00e8re du Comptoir&#8230; <a href=\"http:\/\/commune-loffre.fr\/index.php\/2022\/07\/05\/fete-des-peres-7\/\">Read more &raquo;<\/a><\/p>\n","protected":false},"author":1,"featured_media":6332,"comment_status":"closed","ping_status":"closed","sticky":false,"template":"","format":"standard","meta":{"footnotes":""},"categories":[1],"tags":[],"_links":{"self":[{"href":"http:\/\/commune-loffre.fr\/index.php\/wp-json\/wp\/v2\/posts\/6330"}],"collection":[{"href":"http:\/\/commune-loffre.fr\/index.php\/wp-json\/wp\/v2\/posts"}],"about":[{"href":"http:\/\/commune-loffre.fr\/index.php\/wp-json\/wp\/v2\/types\/post"}],"author":[{"embeddable":true,"href":"http:\/\/commune-loffre.fr\/index.php\/wp-json\/wp\/v2\/users\/1"}],"replies":[{"embeddable":true,"href":"http:\/\/commune-loffre.fr\/index.php\/wp-json\/wp\/v2\/comments?post=6330"}],"version-history":[{"count":1,"href":"http:\/\/commune-loffre.fr\/index.php\/wp-json\/wp\/v2\/posts\/6330\/revisions"}],"predecessor-version":[{"id":6333,"href":"http:\/\/commune-loffre.fr\/index.php\/wp-json\/wp\/v2\/posts\/6330\/revisions\/6333"}],"wp:featuredmedia":[{"embeddable":true,"href":"http:\/\/commune-loffre.fr\/index.php\/wp-json\/wp\/v2\/media\/6332"}],"wp:attachment":[{"href":"http:\/\/commune-loffre.fr\/index.php\/wp-json\/wp\/v2\/media?parent=6330"}],"wp:term":[{"taxonomy":"category","embeddable":true,"href":"http:\/\/commune-loffre.fr\/index.php\/wp-json\/wp\/v2\/categories?post=6330"},{"taxonomy":"post_tag","embeddable":true,"href":"http:\/\/commune-loffre.fr\/index.php\/wp-json\/wp\/v2\/tags?post=6330"}],"curies":[{"name":"wp","href":"https:\/\/api.w.org\/{rel}","templated":true}]}}