{"id":6315,"date":"2022-07-05T18:47:33","date_gmt":"2022-07-05T17:47:33","guid":{"rendered":"http:\/\/commune-loffre.fr\/?p=6315"},"modified":"2022-07-05T18:51:08","modified_gmt":"2022-07-05T17:51:08","slug":"micro-creche","status":"publish","type":"post","link":"http:\/\/commune-loffre.fr\/index.php\/2022\/07\/05\/micro-creche\/","title":{"rendered":"Micro Creche"},"content":{"rendered":"\n<p> Le site de pr\u00e9-inscription est ouvert :<br><a href=\"http:\/\/ https:\/\/le-village-des-koalas.meeko.site\/registration\"> https:\/\/le-village-des-koalas.meeko.site\/registration<\/a><br> Accueil de 12 enfants<br> De 10 semaines \u00e0 3 ans et p\u00e9riscolaires <br> Ouverture pr\u00e9vue Novembre 2022<br> De 6h30 \u00e0 19h30 du lundi au vendredi<br> Accueil centr\u00e9 sur le rythme et les besoins des enfants, dans une atmosph\u00e8re de bienveillance, de s\u00e9curit\u00e9, de d\u00e9couvertes et d&rsquo;amusement!<br> Eveil sensoriel, motricit\u00e9 libre, portage physiologique, communication gestuelle associ\u00e9e \u00e0 la parole\u2026<br> A tr\u00e8s vite<br> Laura<\/p>\n","protected":false},"excerpt":{"rendered":"<p>Le site de pr\u00e9-inscription est ouvert : https:\/\/le-village-des-koalas.meeko.site\/registration Accueil de 12 enfants De 10 semaines \u00e0 3 ans et p\u00e9riscolaires Ouverture pr\u00e9vue Novembre 2022 De 6h30 \u00e0 19h30 du lundi&#8230; <a href=\"http:\/\/commune-loffre.fr\/index.php\/2022\/07\/05\/micro-creche\/\">Read more &raquo;<\/a><\/p>\n","protected":false},"author":1,"featured_media":6324,"comment_status":"closed","ping_status":"closed","sticky":false,"template":"","format":"standard","meta":{"footnotes":""},"categories":[1],"tags":[],"_links":{"self":[{"href":"http:\/\/commune-loffre.fr\/index.php\/wp-json\/wp\/v2\/posts\/6315"}],"collection":[{"href":"http:\/\/commune-loffre.fr\/index.php\/wp-json\/wp\/v2\/posts"}],"about":[{"href":"http:\/\/commune-loffre.fr\/index.php\/wp-json\/wp\/v2\/types\/post"}],"author":[{"embeddable":true,"href":"http:\/\/commune-loffre.fr\/index.php\/wp-json\/wp\/v2\/users\/1"}],"replies":[{"embeddable":true,"href":"http:\/\/commune-loffre.fr\/index.php\/wp-json\/wp\/v2\/comments?post=6315"}],"version-history":[{"count":1,"href":"http:\/\/commune-loffre.fr\/index.php\/wp-json\/wp\/v2\/posts\/6315\/revisions"}],"predecessor-version":[{"id":6316,"href":"http:\/\/commune-loffre.fr\/index.php\/wp-json\/wp\/v2\/posts\/6315\/revisions\/6316"}],"wp:featuredmedia":[{"embeddable":true,"href":"http:\/\/commune-loffre.fr\/index.php\/wp-json\/wp\/v2\/media\/6324"}],"wp:attachment":[{"href":"http:\/\/commune-loffre.fr\/index.php\/wp-json\/wp\/v2\/media?parent=6315"}],"wp:term":[{"taxonomy":"category","embeddable":true,"href":"http:\/\/commune-loffre.fr\/index.php\/wp-json\/wp\/v2\/categories?post=6315"},{"taxonomy":"post_tag","embeddable":true,"href":"http:\/\/commune-loffre.fr\/index.php\/wp-json\/wp\/v2\/tags?post=6315"}],"curies":[{"name":"wp","href":"https:\/\/api.w.org\/{rel}","templated":true}]}}