{"id":6309,"date":"2022-07-05T18:44:20","date_gmt":"2022-07-05T17:44:20","guid":{"rendered":"http:\/\/commune-loffre.fr\/?p=6309"},"modified":"2022-07-05T18:46:03","modified_gmt":"2022-07-05T17:46:03","slug":"tour-de-france","status":"publish","type":"post","link":"http:\/\/commune-loffre.fr\/index.php\/2022\/07\/05\/tour-de-france\/","title":{"rendered":"Tour de France"},"content":{"rendered":"\n<p>5e \u00e9tape <strong>Lille > Arenberg<\/strong> Merci 06 Juillet 2022<\/p>\n\n\n\n<p>La route d\u00e9partementale de la station Total \u00e0 Pecquencourt\njusque l&rsquo;ancien IMA de Montigny puis la d\u00e9partementale de l&rsquo;IMA vers Masny\njusqu&rsquo;a INTERMARCHE seront barr\u00e9es 1 h avant la caravane publicitaire et une\ndemi heure apr\u00e8s le passage du dernier coureur.<\/p>\n\n\n\n<p><a href=\"http:\/\/commune-loffre.fr\/wp-content\/uploads\/2022\/07\/Horaire-tour-de-france.pdf\">T\u00e9l\u00e9charger l\u2019itin\u00e9raire<\/a><\/p>\n","protected":false},"excerpt":{"rendered":"<p>5e \u00e9tape Lille > Arenberg Merci 06 Juillet 2022 La route d\u00e9partementale de la station Total \u00e0 Pecquencourt jusque l&rsquo;ancien IMA de Montigny puis la d\u00e9partementale de l&rsquo;IMA vers Masny&#8230; <a href=\"http:\/\/commune-loffre.fr\/index.php\/2022\/07\/05\/tour-de-france\/\">Read more &raquo;<\/a><\/p>\n","protected":false},"author":1,"featured_media":0,"comment_status":"closed","ping_status":"closed","sticky":false,"template":"","format":"standard","meta":{"footnotes":""},"categories":[1],"tags":[],"_links":{"self":[{"href":"http:\/\/commune-loffre.fr\/index.php\/wp-json\/wp\/v2\/posts\/6309"}],"collection":[{"href":"http:\/\/commune-loffre.fr\/index.php\/wp-json\/wp\/v2\/posts"}],"about":[{"href":"http:\/\/commune-loffre.fr\/index.php\/wp-json\/wp\/v2\/types\/post"}],"author":[{"embeddable":true,"href":"http:\/\/commune-loffre.fr\/index.php\/wp-json\/wp\/v2\/users\/1"}],"replies":[{"embeddable":true,"href":"http:\/\/commune-loffre.fr\/index.php\/wp-json\/wp\/v2\/comments?post=6309"}],"version-history":[{"count":4,"href":"http:\/\/commune-loffre.fr\/index.php\/wp-json\/wp\/v2\/posts\/6309\/revisions"}],"predecessor-version":[{"id":6314,"href":"http:\/\/commune-loffre.fr\/index.php\/wp-json\/wp\/v2\/posts\/6309\/revisions\/6314"}],"wp:attachment":[{"href":"http:\/\/commune-loffre.fr\/index.php\/wp-json\/wp\/v2\/media?parent=6309"}],"wp:term":[{"taxonomy":"category","embeddable":true,"href":"http:\/\/commune-loffre.fr\/index.php\/wp-json\/wp\/v2\/categories?post=6309"},{"taxonomy":"post_tag","embeddable":true,"href":"http:\/\/commune-loffre.fr\/index.php\/wp-json\/wp\/v2\/tags?post=6309"}],"curies":[{"name":"wp","href":"https:\/\/api.w.org\/{rel}","templated":true}]}}