{"id":6307,"date":"2022-06-30T15:26:42","date_gmt":"2022-06-30T14:26:42","guid":{"rendered":"http:\/\/commune-loffre.fr\/?p=6307"},"modified":"2022-06-30T15:26:42","modified_gmt":"2022-06-30T14:26:42","slug":"fete-decole-3","status":"publish","type":"post","link":"http:\/\/commune-loffre.fr\/index.php\/2022\/06\/30\/fete-decole-3\/","title":{"rendered":"F\u00eate d&rsquo;\u00e9cole"},"content":{"rendered":"\n<p>\nUne magnifique f\u00eate de l&rsquo;\u00e9cole pour les enfants. Ils vont en garder un tr\u00e8s bon souvenir. Vous avez r\u00e9pondu pr\u00e9sents \u00e0 cette belle f\u00eate. Merci \u00e0 <a href=\"https:\/\/www.facebook.com\/groups\/551760374929166\/user\/100008445695706\/?__cft__[0]=AZWQedvjdtV0QsB3SCCH5RACLUxFwF616rLSw76q1ht9BdoiQXv8eD-QejHn0QwR2_EUCT5taKt6t4VT43e6LkYUjSY3Ow3qqlaDxr9rgQPzhGLstz6qR6POkiIEiI1wVdg&amp;__tn__=-]K-R\">Marie Mascart<\/a> et <a href=\"https:\/\/www.facebook.com\/groups\/551760374929166\/user\/100001524857260\/?__cft__[0]=AZWQedvjdtV0QsB3SCCH5RACLUxFwF616rLSw76q1ht9BdoiQXv8eD-QejHn0QwR2_EUCT5taKt6t4VT43e6LkYUjSY3Ow3qqlaDxr9rgQPzhGLstz6qR6POkiIEiI1wVdg&amp;__tn__=-]K-R\">Anne Sophie Vandwalle<\/a>  pour le spectacleMerci aux papas pour le barbecue et la buvette. Merci aux enfants pour \u00eatre ceux qu&rsquo;ils sontMerci \u00e0 Mr le Maire pour les locaux , Manu, Quentin et Jean Michel pour leur aides toujours pr\u00e9cieuses Merci au Comit\u00e9 des F\u00eates pour les tonnellesMerci \u00e0 <a href=\"https:\/\/www.facebook.com\/groups\/551760374929166\/user\/100063577360546\/?__cft__[0]=AZWQedvjdtV0QsB3SCCH5RACLUxFwF616rLSw76q1ht9BdoiQXv8eD-QejHn0QwR2_EUCT5taKt6t4VT43e6LkYUjSY3Ow3qqlaDxr9rgQPzhGLstz6qR6POkiIEiI1wVdg&amp;__tn__=-]K-R\">Bubble&rsquo;S 22<\/a>  pour les jeux en bois et la machine \u00e0 pop corn.Merci au <a href=\"https:\/\/www.facebook.com\/Au-pav%C3%A9-Dechynois-1635920966629788\/?__cft__[0]=AZWQedvjdtV0QsB3SCCH5RACLUxFwF616rLSw76q1ht9BdoiQXv8eD-QejHn0QwR2_EUCT5taKt6t4VT43e6LkYUjSY3Ow3qqlaDxr9rgQPzhGLstz6qR6POkiIEiI1wVdg&amp;__tn__=kK-R\">Au pav\u00e9 Dechynois<\/a>  pour le pain Merci \u00e0 Gwen pour la d\u00e9co de ballonMerci aux mamans pour la d\u00e9coration et les stands de jeux Merci \u00e0 la boucherie Marmouzet de Goeulzin pour la d\u00e9licieuse viande. <a href=\"https:\/\/www.facebook.com\/ChezMarmouzet\/?__cft__[0]=AZWQedvjdtV0QsB3SCCH5RACLUxFwF616rLSw76q1ht9BdoiQXv8eD-QejHn0QwR2_EUCT5taKt6t4VT43e6LkYUjSY3Ow3qqlaDxr9rgQPzhGLstz6qR6POkiIEiI1wVdg&amp;__tn__=kK-R\">Le Porc du Val de la Sens\u00e9e<\/a> Merci Lolo ( Isabelle Mielcarek Chevalier ) pour la sono Merci <a href=\"https:\/\/www.facebook.com\/Selfieshares\/?__cft__[0]=AZWQedvjdtV0QsB3SCCH5RACLUxFwF616rLSw76q1ht9BdoiQXv8eD-QejHn0QwR2_EUCT5taKt6t4VT43e6LkYUjSY3Ow3qqlaDxr9rgQPzhGLstz6qR6POkiIEiI1wVdg&amp;__tn__=kK-R\">Selfieshares<\/a> pour le photomaton Merci Florence pour les photos Merci aux instituteurs , <a href=\"https:\/\/www.facebook.com\/groups\/551760374929166\/user\/1297927755\/?__cft__[0]=AZWQedvjdtV0QsB3SCCH5RACLUxFwF616rLSw76q1ht9BdoiQXv8eD-QejHn0QwR2_EUCT5taKt6t4VT43e6LkYUjSY3Ow3qqlaDxr9rgQPzhGLstz6qR6POkiIEiI1wVdg&amp;__tn__=-]K-R\">Marie Du-du<\/a> , Catherine et \u00c9lisabeth.Merci pour cette belle ann\u00e9e \u00e0 l&rsquo;APE!!!\n\n<\/p>\n","protected":false},"excerpt":{"rendered":"<p>Une magnifique f\u00eate de l&rsquo;\u00e9cole pour les enfants. Ils vont en garder un tr\u00e8s bon souvenir. Vous avez r\u00e9pondu pr\u00e9sents \u00e0 cette belle f\u00eate. Merci \u00e0 Marie Mascart et Anne&#8230; <a href=\"http:\/\/commune-loffre.fr\/index.php\/2022\/06\/30\/fete-decole-3\/\">Read more &raquo;<\/a><\/p>\n","protected":false},"author":1,"featured_media":0,"comment_status":"closed","ping_status":"closed","sticky":false,"template":"","format":"standard","meta":{"footnotes":""},"categories":[1],"tags":[],"_links":{"self":[{"href":"http:\/\/commune-loffre.fr\/index.php\/wp-json\/wp\/v2\/posts\/6307"}],"collection":[{"href":"http:\/\/commune-loffre.fr\/index.php\/wp-json\/wp\/v2\/posts"}],"about":[{"href":"http:\/\/commune-loffre.fr\/index.php\/wp-json\/wp\/v2\/types\/post"}],"author":[{"embeddable":true,"href":"http:\/\/commune-loffre.fr\/index.php\/wp-json\/wp\/v2\/users\/1"}],"replies":[{"embeddable":true,"href":"http:\/\/commune-loffre.fr\/index.php\/wp-json\/wp\/v2\/comments?post=6307"}],"version-history":[{"count":1,"href":"http:\/\/commune-loffre.fr\/index.php\/wp-json\/wp\/v2\/posts\/6307\/revisions"}],"predecessor-version":[{"id":6308,"href":"http:\/\/commune-loffre.fr\/index.php\/wp-json\/wp\/v2\/posts\/6307\/revisions\/6308"}],"wp:attachment":[{"href":"http:\/\/commune-loffre.fr\/index.php\/wp-json\/wp\/v2\/media?parent=6307"}],"wp:term":[{"taxonomy":"category","embeddable":true,"href":"http:\/\/commune-loffre.fr\/index.php\/wp-json\/wp\/v2\/categories?post=6307"},{"taxonomy":"post_tag","embeddable":true,"href":"http:\/\/commune-loffre.fr\/index.php\/wp-json\/wp\/v2\/tags?post=6307"}],"curies":[{"name":"wp","href":"https:\/\/api.w.org\/{rel}","templated":true}]}}