{"id":6294,"date":"2022-06-16T15:00:04","date_gmt":"2022-06-16T14:00:04","guid":{"rendered":"http:\/\/commune-loffre.fr\/?p=6294"},"modified":"2022-06-16T15:01:49","modified_gmt":"2022-06-16T14:01:49","slug":"france-renov-ccco","status":"publish","type":"post","link":"http:\/\/commune-loffre.fr\/index.php\/2022\/06\/16\/france-renov-ccco\/","title":{"rendered":"France Renov&rsquo; CCCO"},"content":{"rendered":"\n<p>Vous avez un projet de r\u00e9novation \u00e9nerg\u00e9tique et souhaitez connaitre les aides financi\u00e8res mobilisables ?<\/p>\n\n\n\n<figure class=\"wp-block-image\"><img loading=\"lazy\" decoding=\"async\" width=\"731\" height=\"1024\" src=\"http:\/\/commune-loffre.fr\/wp-content\/uploads\/2022\/06\/espace-conseil-francer\u00e9nov-flyer-permanences-2022_Page_1-731x1024.jpg\" alt=\"\" class=\"wp-image-6295\" srcset=\"http:\/\/commune-loffre.fr\/wp-content\/uploads\/2022\/06\/espace-conseil-francer\u00e9nov-flyer-permanences-2022_Page_1-731x1024.jpg 731w, http:\/\/commune-loffre.fr\/wp-content\/uploads\/2022\/06\/espace-conseil-francer\u00e9nov-flyer-permanences-2022_Page_1-214x300.jpg 214w, http:\/\/commune-loffre.fr\/wp-content\/uploads\/2022\/06\/espace-conseil-francer\u00e9nov-flyer-permanences-2022_Page_1-768x1075.jpg 768w, http:\/\/commune-loffre.fr\/wp-content\/uploads\/2022\/06\/espace-conseil-francer\u00e9nov-flyer-permanences-2022_Page_1-624x874.jpg 624w\" sizes=\"(max-width: 731px) 100vw, 731px\" \/><\/figure>\n\n\n\n<figure class=\"wp-block-image\"><img loading=\"lazy\" decoding=\"async\" width=\"724\" height=\"1024\" src=\"http:\/\/commune-loffre.fr\/wp-content\/uploads\/2022\/06\/espace-conseil-francer\u00e9nov-permanences-2022-calendrier-2\u00e8me-semestre-724x1024.jpg\" alt=\"\" class=\"wp-image-6296\" srcset=\"http:\/\/commune-loffre.fr\/wp-content\/uploads\/2022\/06\/espace-conseil-francer\u00e9nov-permanences-2022-calendrier-2\u00e8me-semestre-724x1024.jpg 724w, http:\/\/commune-loffre.fr\/wp-content\/uploads\/2022\/06\/espace-conseil-francer\u00e9nov-permanences-2022-calendrier-2\u00e8me-semestre-212x300.jpg 212w, http:\/\/commune-loffre.fr\/wp-content\/uploads\/2022\/06\/espace-conseil-francer\u00e9nov-permanences-2022-calendrier-2\u00e8me-semestre-768x1086.jpg 768w, http:\/\/commune-loffre.fr\/wp-content\/uploads\/2022\/06\/espace-conseil-francer\u00e9nov-permanences-2022-calendrier-2\u00e8me-semestre-624x882.jpg 624w\" sizes=\"(max-width: 724px) 100vw, 724px\" \/><\/figure>\n\n\n\n<figure class=\"wp-block-image\"><img loading=\"lazy\" decoding=\"async\" width=\"734\" height=\"1024\" src=\"http:\/\/commune-loffre.fr\/wp-content\/uploads\/2022\/06\/espace-conseil-francer\u00e9nov-flyer-permanences-2022_Page_2-734x1024.jpg\" alt=\"\" class=\"wp-image-6297\" srcset=\"http:\/\/commune-loffre.fr\/wp-content\/uploads\/2022\/06\/espace-conseil-francer\u00e9nov-flyer-permanences-2022_Page_2-734x1024.jpg 734w, http:\/\/commune-loffre.fr\/wp-content\/uploads\/2022\/06\/espace-conseil-francer\u00e9nov-flyer-permanences-2022_Page_2-215x300.jpg 215w, http:\/\/commune-loffre.fr\/wp-content\/uploads\/2022\/06\/espace-conseil-francer\u00e9nov-flyer-permanences-2022_Page_2-768x1072.jpg 768w, http:\/\/commune-loffre.fr\/wp-content\/uploads\/2022\/06\/espace-conseil-francer\u00e9nov-flyer-permanences-2022_Page_2-624x871.jpg 624w, http:\/\/commune-loffre.fr\/wp-content\/uploads\/2022\/06\/espace-conseil-francer\u00e9nov-flyer-permanences-2022_Page_2.jpg 1778w\" sizes=\"(max-width: 734px) 100vw, 734px\" \/><\/figure>\n","protected":false},"excerpt":{"rendered":"<p>Vous avez un projet de r\u00e9novation \u00e9nerg\u00e9tique et souhaitez connaitre les aides financi\u00e8res mobilisables ?<\/p>\n","protected":false},"author":1,"featured_media":6295,"comment_status":"closed","ping_status":"closed","sticky":false,"template":"","format":"standard","meta":{"footnotes":""},"categories":[1],"tags":[],"_links":{"self":[{"href":"http:\/\/commune-loffre.fr\/index.php\/wp-json\/wp\/v2\/posts\/6294"}],"collection":[{"href":"http:\/\/commune-loffre.fr\/index.php\/wp-json\/wp\/v2\/posts"}],"about":[{"href":"http:\/\/commune-loffre.fr\/index.php\/wp-json\/wp\/v2\/types\/post"}],"author":[{"embeddable":true,"href":"http:\/\/commune-loffre.fr\/index.php\/wp-json\/wp\/v2\/users\/1"}],"replies":[{"embeddable":true,"href":"http:\/\/commune-loffre.fr\/index.php\/wp-json\/wp\/v2\/comments?post=6294"}],"version-history":[{"count":2,"href":"http:\/\/commune-loffre.fr\/index.php\/wp-json\/wp\/v2\/posts\/6294\/revisions"}],"predecessor-version":[{"id":6299,"href":"http:\/\/commune-loffre.fr\/index.php\/wp-json\/wp\/v2\/posts\/6294\/revisions\/6299"}],"wp:featuredmedia":[{"embeddable":true,"href":"http:\/\/commune-loffre.fr\/index.php\/wp-json\/wp\/v2\/media\/6295"}],"wp:attachment":[{"href":"http:\/\/commune-loffre.fr\/index.php\/wp-json\/wp\/v2\/media?parent=6294"}],"wp:term":[{"taxonomy":"category","embeddable":true,"href":"http:\/\/commune-loffre.fr\/index.php\/wp-json\/wp\/v2\/categories?post=6294"},{"taxonomy":"post_tag","embeddable":true,"href":"http:\/\/commune-loffre.fr\/index.php\/wp-json\/wp\/v2\/tags?post=6294"}],"curies":[{"name":"wp","href":"https:\/\/api.w.org\/{rel}","templated":true}]}}