{"id":6284,"date":"2022-06-11T13:49:31","date_gmt":"2022-06-11T12:49:31","guid":{"rendered":"http:\/\/commune-loffre.fr\/?p=6284"},"modified":"2022-06-11T13:49:31","modified_gmt":"2022-06-11T12:49:31","slug":"commemoration-3","status":"publish","type":"post","link":"http:\/\/commune-loffre.fr\/index.php\/2022\/06\/11\/commemoration-3\/","title":{"rendered":"Comm\u00e9moration"},"content":{"rendered":"\n<p> Ce 8 juin 2022, madame Sylvie Lariviere, premi\u00e8re adjointe au maire et quelques membres de l&rsquo;association des anciens combattants se sont rendus au monument aux morts afin de comm\u00e9morer la fin de la guerre d&rsquo;Indochine. Un d\u00e9p\u00f4t de gerbe et un pot de l&rsquo;amiti\u00e9 ont cl\u00f4tur\u00e9 cette soir\u00e9e. <\/p>\n\n\n\n<ul class=\"wp-block-gallery columns-3 is-cropped wp-block-gallery-1 is-layout-flex wp-block-gallery-is-layout-flex\"><li class=\"blocks-gallery-item\"><figure><img loading=\"lazy\" decoding=\"async\" width=\"1024\" height=\"768\" src=\"http:\/\/commune-loffre.fr\/wp-content\/uploads\/2022\/06\/IMG_20220608_181920-1024x768.jpg\" alt=\"\" data-id=\"6285\" data-link=\"http:\/\/commune-loffre.fr\/?attachment_id=6285\" class=\"wp-image-6285\" srcset=\"http:\/\/commune-loffre.fr\/wp-content\/uploads\/2022\/06\/IMG_20220608_181920-1024x768.jpg 1024w, http:\/\/commune-loffre.fr\/wp-content\/uploads\/2022\/06\/IMG_20220608_181920-300x225.jpg 300w, http:\/\/commune-loffre.fr\/wp-content\/uploads\/2022\/06\/IMG_20220608_181920-768x576.jpg 768w, http:\/\/commune-loffre.fr\/wp-content\/uploads\/2022\/06\/IMG_20220608_181920-624x468.jpg 624w, http:\/\/commune-loffre.fr\/wp-content\/uploads\/2022\/06\/IMG_20220608_181920-240x180.jpg 240w\" sizes=\"(max-width: 1024px) 100vw, 1024px\" \/><\/figure><\/li><li class=\"blocks-gallery-item\"><figure><img loading=\"lazy\" decoding=\"async\" width=\"1024\" height=\"768\" src=\"http:\/\/commune-loffre.fr\/wp-content\/uploads\/2022\/06\/IMG_20220608_180547-1024x768.jpg\" alt=\"\" data-id=\"6286\" data-link=\"http:\/\/commune-loffre.fr\/?attachment_id=6286\" class=\"wp-image-6286\" srcset=\"http:\/\/commune-loffre.fr\/wp-content\/uploads\/2022\/06\/IMG_20220608_180547-1024x768.jpg 1024w, http:\/\/commune-loffre.fr\/wp-content\/uploads\/2022\/06\/IMG_20220608_180547-300x225.jpg 300w, http:\/\/commune-loffre.fr\/wp-content\/uploads\/2022\/06\/IMG_20220608_180547-768x576.jpg 768w, http:\/\/commune-loffre.fr\/wp-content\/uploads\/2022\/06\/IMG_20220608_180547-624x468.jpg 624w, http:\/\/commune-loffre.fr\/wp-content\/uploads\/2022\/06\/IMG_20220608_180547-240x180.jpg 240w\" sizes=\"(max-width: 1024px) 100vw, 1024px\" \/><\/figure><\/li><li class=\"blocks-gallery-item\"><figure><img loading=\"lazy\" decoding=\"async\" width=\"1024\" height=\"768\" src=\"http:\/\/commune-loffre.fr\/wp-content\/uploads\/2022\/06\/IMG_20220608_180428-1024x768.jpg\" alt=\"\" data-id=\"6287\" data-link=\"http:\/\/commune-loffre.fr\/?attachment_id=6287\" class=\"wp-image-6287\" srcset=\"http:\/\/commune-loffre.fr\/wp-content\/uploads\/2022\/06\/IMG_20220608_180428-1024x768.jpg 1024w, http:\/\/commune-loffre.fr\/wp-content\/uploads\/2022\/06\/IMG_20220608_180428-300x225.jpg 300w, http:\/\/commune-loffre.fr\/wp-content\/uploads\/2022\/06\/IMG_20220608_180428-768x576.jpg 768w, http:\/\/commune-loffre.fr\/wp-content\/uploads\/2022\/06\/IMG_20220608_180428-624x468.jpg 624w, http:\/\/commune-loffre.fr\/wp-content\/uploads\/2022\/06\/IMG_20220608_180428-240x180.jpg 240w\" sizes=\"(max-width: 1024px) 100vw, 1024px\" \/><\/figure><\/li><li class=\"blocks-gallery-item\"><figure><img loading=\"lazy\" decoding=\"async\" width=\"1024\" height=\"768\" src=\"http:\/\/commune-loffre.fr\/wp-content\/uploads\/2022\/06\/IMG_20220608_180422-1024x768.jpg\" alt=\"\" data-id=\"6288\" data-link=\"http:\/\/commune-loffre.fr\/?attachment_id=6288\" class=\"wp-image-6288\" srcset=\"http:\/\/commune-loffre.fr\/wp-content\/uploads\/2022\/06\/IMG_20220608_180422-1024x768.jpg 1024w, http:\/\/commune-loffre.fr\/wp-content\/uploads\/2022\/06\/IMG_20220608_180422-300x225.jpg 300w, http:\/\/commune-loffre.fr\/wp-content\/uploads\/2022\/06\/IMG_20220608_180422-768x576.jpg 768w, http:\/\/commune-loffre.fr\/wp-content\/uploads\/2022\/06\/IMG_20220608_180422-624x468.jpg 624w, http:\/\/commune-loffre.fr\/wp-content\/uploads\/2022\/06\/IMG_20220608_180422-240x180.jpg 240w\" sizes=\"(max-width: 1024px) 100vw, 1024px\" \/><\/figure><\/li><\/ul>\n","protected":false},"excerpt":{"rendered":"<p>Ce 8 juin 2022, madame Sylvie Lariviere, premi\u00e8re adjointe au maire et quelques membres de l&rsquo;association des anciens combattants se sont rendus au monument aux morts afin de comm\u00e9morer la&#8230; <a href=\"http:\/\/commune-loffre.fr\/index.php\/2022\/06\/11\/commemoration-3\/\">Read more &raquo;<\/a><\/p>\n","protected":false},"author":1,"featured_media":6287,"comment_status":"closed","ping_status":"closed","sticky":false,"template":"","format":"standard","meta":{"footnotes":""},"categories":[1],"tags":[],"_links":{"self":[{"href":"http:\/\/commune-loffre.fr\/index.php\/wp-json\/wp\/v2\/posts\/6284"}],"collection":[{"href":"http:\/\/commune-loffre.fr\/index.php\/wp-json\/wp\/v2\/posts"}],"about":[{"href":"http:\/\/commune-loffre.fr\/index.php\/wp-json\/wp\/v2\/types\/post"}],"author":[{"embeddable":true,"href":"http:\/\/commune-loffre.fr\/index.php\/wp-json\/wp\/v2\/users\/1"}],"replies":[{"embeddable":true,"href":"http:\/\/commune-loffre.fr\/index.php\/wp-json\/wp\/v2\/comments?post=6284"}],"version-history":[{"count":1,"href":"http:\/\/commune-loffre.fr\/index.php\/wp-json\/wp\/v2\/posts\/6284\/revisions"}],"predecessor-version":[{"id":6289,"href":"http:\/\/commune-loffre.fr\/index.php\/wp-json\/wp\/v2\/posts\/6284\/revisions\/6289"}],"wp:featuredmedia":[{"embeddable":true,"href":"http:\/\/commune-loffre.fr\/index.php\/wp-json\/wp\/v2\/media\/6287"}],"wp:attachment":[{"href":"http:\/\/commune-loffre.fr\/index.php\/wp-json\/wp\/v2\/media?parent=6284"}],"wp:term":[{"taxonomy":"category","embeddable":true,"href":"http:\/\/commune-loffre.fr\/index.php\/wp-json\/wp\/v2\/categories?post=6284"},{"taxonomy":"post_tag","embeddable":true,"href":"http:\/\/commune-loffre.fr\/index.php\/wp-json\/wp\/v2\/tags?post=6284"}],"curies":[{"name":"wp","href":"https:\/\/api.w.org\/{rel}","templated":true}]}}