{"id":6275,"date":"2022-06-05T11:57:02","date_gmt":"2022-06-05T10:57:02","guid":{"rendered":"http:\/\/commune-loffre.fr\/?p=6275"},"modified":"2022-06-05T11:57:32","modified_gmt":"2022-06-05T10:57:32","slug":"fete-des-mamans","status":"publish","type":"post","link":"http:\/\/commune-loffre.fr\/index.php\/2022\/06\/05\/fete-des-mamans\/","title":{"rendered":"Fete des Mamans"},"content":{"rendered":"\n<p>Samedi 28 mai 2022, les mamans de Loffre ont re\u00e7u les\ncadeaux offerts par la municipalit\u00e9 lors d&rsquo;une r\u00e9ception donn\u00e9e \u00e0 la salle\npolyvalente de notre village.&nbsp;<\/p>\n\n\n\n<p>Un magnifique parapluie et un sac \u00e0 provisions sont venus\nles combler pour&nbsp; leur f\u00eate.&nbsp;<\/p>\n\n\n\n<p>Remercions monsieur le maire \u00c9ric Gouy et messieurs les\nmembres du conseil municipal pour avoir servi ces dames durant cet apr\u00e8s-midi\nconvivial.&nbsp;<\/p>\n\n\n\n<ul class=\"wp-block-gallery columns-3 is-cropped wp-block-gallery-1 is-layout-flex wp-block-gallery-is-layout-flex\"><li class=\"blocks-gallery-item\"><figure><img loading=\"lazy\" decoding=\"async\" width=\"768\" height=\"1024\" src=\"http:\/\/commune-loffre.fr\/wp-content\/uploads\/2022\/06\/IMG-20220529-WA0002-768x1024.jpg\" alt=\"\" data-id=\"6276\" data-link=\"http:\/\/commune-loffre.fr\/?attachment_id=6276\" class=\"wp-image-6276\" srcset=\"http:\/\/commune-loffre.fr\/wp-content\/uploads\/2022\/06\/IMG-20220529-WA0002-768x1024.jpg 768w, http:\/\/commune-loffre.fr\/wp-content\/uploads\/2022\/06\/IMG-20220529-WA0002-225x300.jpg 225w, http:\/\/commune-loffre.fr\/wp-content\/uploads\/2022\/06\/IMG-20220529-WA0002-624x832.jpg 624w, http:\/\/commune-loffre.fr\/wp-content\/uploads\/2022\/06\/IMG-20220529-WA0002.jpg 1500w\" sizes=\"(max-width: 768px) 100vw, 768px\" \/><\/figure><\/li><li class=\"blocks-gallery-item\"><figure><img loading=\"lazy\" decoding=\"async\" width=\"1024\" height=\"768\" src=\"http:\/\/commune-loffre.fr\/wp-content\/uploads\/2022\/06\/IMG-20220529-WA0003-1024x768.jpg\" alt=\"\" data-id=\"6277\" data-link=\"http:\/\/commune-loffre.fr\/?attachment_id=6277\" class=\"wp-image-6277\" srcset=\"http:\/\/commune-loffre.fr\/wp-content\/uploads\/2022\/06\/IMG-20220529-WA0003-1024x768.jpg 1024w, http:\/\/commune-loffre.fr\/wp-content\/uploads\/2022\/06\/IMG-20220529-WA0003-300x225.jpg 300w, http:\/\/commune-loffre.fr\/wp-content\/uploads\/2022\/06\/IMG-20220529-WA0003-768x576.jpg 768w, http:\/\/commune-loffre.fr\/wp-content\/uploads\/2022\/06\/IMG-20220529-WA0003-624x468.jpg 624w, http:\/\/commune-loffre.fr\/wp-content\/uploads\/2022\/06\/IMG-20220529-WA0003-240x180.jpg 240w, http:\/\/commune-loffre.fr\/wp-content\/uploads\/2022\/06\/IMG-20220529-WA0003.jpg 2000w\" sizes=\"(max-width: 1024px) 100vw, 1024px\" \/><\/figure><\/li><li class=\"blocks-gallery-item\"><figure><img loading=\"lazy\" decoding=\"async\" width=\"750\" height=\"1000\" src=\"http:\/\/commune-loffre.fr\/wp-content\/uploads\/2022\/06\/IMG_20220529_170621_resized_20220531_095925057.jpg\" alt=\"\" data-id=\"6279\" data-link=\"http:\/\/commune-loffre.fr\/index.php\/2022\/06\/05\/fete-des-mamans\/img_20220529_170621_resized_20220531_095925057\/\" class=\"wp-image-6279\" srcset=\"http:\/\/commune-loffre.fr\/wp-content\/uploads\/2022\/06\/IMG_20220529_170621_resized_20220531_095925057.jpg 750w, http:\/\/commune-loffre.fr\/wp-content\/uploads\/2022\/06\/IMG_20220529_170621_resized_20220531_095925057-225x300.jpg 225w, http:\/\/commune-loffre.fr\/wp-content\/uploads\/2022\/06\/IMG_20220529_170621_resized_20220531_095925057-624x832.jpg 624w\" sizes=\"(max-width: 750px) 100vw, 750px\" \/><\/figure><\/li><\/ul>\n","protected":false},"excerpt":{"rendered":"<p>Samedi 28 mai 2022, les mamans de Loffre ont re\u00e7u les cadeaux offerts par la municipalit\u00e9 lors d&rsquo;une r\u00e9ception donn\u00e9e \u00e0 la salle polyvalente de notre village.&nbsp; Un magnifique parapluie&#8230; <a href=\"http:\/\/commune-loffre.fr\/index.php\/2022\/06\/05\/fete-des-mamans\/\">Read more &raquo;<\/a><\/p>\n","protected":false},"author":1,"featured_media":6277,"comment_status":"closed","ping_status":"closed","sticky":false,"template":"","format":"standard","meta":{"footnotes":""},"categories":[1],"tags":[],"_links":{"self":[{"href":"http:\/\/commune-loffre.fr\/index.php\/wp-json\/wp\/v2\/posts\/6275"}],"collection":[{"href":"http:\/\/commune-loffre.fr\/index.php\/wp-json\/wp\/v2\/posts"}],"about":[{"href":"http:\/\/commune-loffre.fr\/index.php\/wp-json\/wp\/v2\/types\/post"}],"author":[{"embeddable":true,"href":"http:\/\/commune-loffre.fr\/index.php\/wp-json\/wp\/v2\/users\/1"}],"replies":[{"embeddable":true,"href":"http:\/\/commune-loffre.fr\/index.php\/wp-json\/wp\/v2\/comments?post=6275"}],"version-history":[{"count":2,"href":"http:\/\/commune-loffre.fr\/index.php\/wp-json\/wp\/v2\/posts\/6275\/revisions"}],"predecessor-version":[{"id":6280,"href":"http:\/\/commune-loffre.fr\/index.php\/wp-json\/wp\/v2\/posts\/6275\/revisions\/6280"}],"wp:featuredmedia":[{"embeddable":true,"href":"http:\/\/commune-loffre.fr\/index.php\/wp-json\/wp\/v2\/media\/6277"}],"wp:attachment":[{"href":"http:\/\/commune-loffre.fr\/index.php\/wp-json\/wp\/v2\/media?parent=6275"}],"wp:term":[{"taxonomy":"category","embeddable":true,"href":"http:\/\/commune-loffre.fr\/index.php\/wp-json\/wp\/v2\/categories?post=6275"},{"taxonomy":"post_tag","embeddable":true,"href":"http:\/\/commune-loffre.fr\/index.php\/wp-json\/wp\/v2\/tags?post=6275"}],"curies":[{"name":"wp","href":"https:\/\/api.w.org\/{rel}","templated":true}]}}