{"id":6257,"date":"2022-05-10T07:35:44","date_gmt":"2022-05-10T06:35:44","guid":{"rendered":"http:\/\/commune-loffre.fr\/?p=6257"},"modified":"2022-05-10T07:36:37","modified_gmt":"2022-05-10T06:36:37","slug":"8-mai","status":"publish","type":"post","link":"http:\/\/commune-loffre.fr\/index.php\/2022\/05\/10\/8-mai\/","title":{"rendered":"8 Mai"},"content":{"rendered":"\n<p>Les \u00e9lus de Loffre ont comm\u00e9mor\u00e9 le 7\u00e8me anniversaire de la victoire du 8 mai 1945 des alli\u00e9s sur l&rsquo;Allemagne. Les Loffriens et Loffriennes se sont ensuite r\u00e9unis \u00e0 la salle polyvalente pour mettre \u00e0 l&rsquo;honneur monsieur Ch\u0153ur, ancien maire de notre commune de 1977 \u00e0 1989 et pr\u00e9sident des anciens combattants. Marie H\u00e9l\u00e8ne et les enfants de l&rsquo;\u00e9cole Henri Matisse ont poursuivi la c\u00e9r\u00e9monie en chantant la marseillaise et le chant des partisans. Un pot de l&rsquo;amiti\u00e9 a clos l&rsquo;\u00e9v\u00e9nement.\u00a0<\/p>\n\n\n\n<figure class=\"wp-block-image\"><img loading=\"lazy\" decoding=\"async\" width=\"1024\" height=\"1024\" src=\"http:\/\/commune-loffre.fr\/wp-content\/uploads\/2022\/05\/280107224_522727316162837_97195969973825947_n-1024x1024.jpg\" alt=\"\" class=\"wp-image-6259\" srcset=\"http:\/\/commune-loffre.fr\/wp-content\/uploads\/2022\/05\/280107224_522727316162837_97195969973825947_n-1024x1024.jpg 1024w, http:\/\/commune-loffre.fr\/wp-content\/uploads\/2022\/05\/280107224_522727316162837_97195969973825947_n-150x150.jpg 150w, http:\/\/commune-loffre.fr\/wp-content\/uploads\/2022\/05\/280107224_522727316162837_97195969973825947_n-300x300.jpg 300w, http:\/\/commune-loffre.fr\/wp-content\/uploads\/2022\/05\/280107224_522727316162837_97195969973825947_n-768x768.jpg 768w, http:\/\/commune-loffre.fr\/wp-content\/uploads\/2022\/05\/280107224_522727316162837_97195969973825947_n-624x624.jpg 624w, http:\/\/commune-loffre.fr\/wp-content\/uploads\/2022\/05\/280107224_522727316162837_97195969973825947_n-180x180.jpg 180w, http:\/\/commune-loffre.fr\/wp-content\/uploads\/2022\/05\/280107224_522727316162837_97195969973825947_n-60x60.jpg 60w, http:\/\/commune-loffre.fr\/wp-content\/uploads\/2022\/05\/280107224_522727316162837_97195969973825947_n.jpg 1800w\" sizes=\"(max-width: 1024px) 100vw, 1024px\" \/><\/figure>\n","protected":false},"excerpt":{"rendered":"<p>Les \u00e9lus de Loffre ont comm\u00e9mor\u00e9 le 7\u00e8me anniversaire de la victoire du 8 mai 1945 des alli\u00e9s sur l&rsquo;Allemagne. Les Loffriens et Loffriennes se sont ensuite r\u00e9unis \u00e0 la&#8230; <a href=\"http:\/\/commune-loffre.fr\/index.php\/2022\/05\/10\/8-mai\/\">Read more &raquo;<\/a><\/p>\n","protected":false},"author":1,"featured_media":0,"comment_status":"closed","ping_status":"closed","sticky":false,"template":"","format":"standard","meta":{"footnotes":""},"categories":[1],"tags":[],"_links":{"self":[{"href":"http:\/\/commune-loffre.fr\/index.php\/wp-json\/wp\/v2\/posts\/6257"}],"collection":[{"href":"http:\/\/commune-loffre.fr\/index.php\/wp-json\/wp\/v2\/posts"}],"about":[{"href":"http:\/\/commune-loffre.fr\/index.php\/wp-json\/wp\/v2\/types\/post"}],"author":[{"embeddable":true,"href":"http:\/\/commune-loffre.fr\/index.php\/wp-json\/wp\/v2\/users\/1"}],"replies":[{"embeddable":true,"href":"http:\/\/commune-loffre.fr\/index.php\/wp-json\/wp\/v2\/comments?post=6257"}],"version-history":[{"count":2,"href":"http:\/\/commune-loffre.fr\/index.php\/wp-json\/wp\/v2\/posts\/6257\/revisions"}],"predecessor-version":[{"id":6260,"href":"http:\/\/commune-loffre.fr\/index.php\/wp-json\/wp\/v2\/posts\/6257\/revisions\/6260"}],"wp:attachment":[{"href":"http:\/\/commune-loffre.fr\/index.php\/wp-json\/wp\/v2\/media?parent=6257"}],"wp:term":[{"taxonomy":"category","embeddable":true,"href":"http:\/\/commune-loffre.fr\/index.php\/wp-json\/wp\/v2\/categories?post=6257"},{"taxonomy":"post_tag","embeddable":true,"href":"http:\/\/commune-loffre.fr\/index.php\/wp-json\/wp\/v2\/tags?post=6257"}],"curies":[{"name":"wp","href":"https:\/\/api.w.org\/{rel}","templated":true}]}}