{"id":6242,"date":"2022-04-20T22:46:50","date_gmt":"2022-04-20T21:46:50","guid":{"rendered":"http:\/\/commune-loffre.fr\/?p=6242"},"modified":"2022-04-20T22:46:50","modified_gmt":"2022-04-20T21:46:50","slug":"ceremonie-du-8-mai","status":"publish","type":"post","link":"http:\/\/commune-loffre.fr\/index.php\/2022\/04\/20\/ceremonie-du-8-mai\/","title":{"rendered":"C\u00e9r\u00e9monie du 8 Mai"},"content":{"rendered":"\n<p>Mise \u00e0 l&rsquo;honneur de Monsieur Jean marie CH\u0152UR ancien Maire et Pr\u00e9sident de L&rsquo;Association des anciens combattants \u00e0 11h45 salle polyvalente<\/p>\n","protected":false},"excerpt":{"rendered":"<p>Mise \u00e0 l&rsquo;honneur de Monsieur Jean marie CH\u0152UR ancien Maire et Pr\u00e9sident de L&rsquo;Association des anciens combattants \u00e0 11h45 salle polyvalente<\/p>\n","protected":false},"author":1,"featured_media":0,"comment_status":"closed","ping_status":"closed","sticky":false,"template":"","format":"standard","meta":{"footnotes":""},"categories":[1],"tags":[],"_links":{"self":[{"href":"http:\/\/commune-loffre.fr\/index.php\/wp-json\/wp\/v2\/posts\/6242"}],"collection":[{"href":"http:\/\/commune-loffre.fr\/index.php\/wp-json\/wp\/v2\/posts"}],"about":[{"href":"http:\/\/commune-loffre.fr\/index.php\/wp-json\/wp\/v2\/types\/post"}],"author":[{"embeddable":true,"href":"http:\/\/commune-loffre.fr\/index.php\/wp-json\/wp\/v2\/users\/1"}],"replies":[{"embeddable":true,"href":"http:\/\/commune-loffre.fr\/index.php\/wp-json\/wp\/v2\/comments?post=6242"}],"version-history":[{"count":1,"href":"http:\/\/commune-loffre.fr\/index.php\/wp-json\/wp\/v2\/posts\/6242\/revisions"}],"predecessor-version":[{"id":6243,"href":"http:\/\/commune-loffre.fr\/index.php\/wp-json\/wp\/v2\/posts\/6242\/revisions\/6243"}],"wp:attachment":[{"href":"http:\/\/commune-loffre.fr\/index.php\/wp-json\/wp\/v2\/media?parent=6242"}],"wp:term":[{"taxonomy":"category","embeddable":true,"href":"http:\/\/commune-loffre.fr\/index.php\/wp-json\/wp\/v2\/categories?post=6242"},{"taxonomy":"post_tag","embeddable":true,"href":"http:\/\/commune-loffre.fr\/index.php\/wp-json\/wp\/v2\/tags?post=6242"}],"curies":[{"name":"wp","href":"https:\/\/api.w.org\/{rel}","templated":true}]}}