{"id":6235,"date":"2022-04-20T22:41:53","date_gmt":"2022-04-20T21:41:53","guid":{"rendered":"http:\/\/commune-loffre.fr\/?p=6235"},"modified":"2022-04-20T22:41:53","modified_gmt":"2022-04-20T21:41:53","slug":"fete-des-peres-6","status":"publish","type":"post","link":"http:\/\/commune-loffre.fr\/index.php\/2022\/04\/20\/fete-des-peres-6\/","title":{"rendered":"F\u00eate des P\u00e8res"},"content":{"rendered":"\n<p>Monsieur le Maire et le Conseil Municipal invitent les Loffriens \u00e0 un moment convivial \u00e0 l&rsquo;occasion de la f\u00eate des p\u00e8res<\/p>\n\n\n\n<p>Le dimanche 26 juin 2022 \u00e0 11 heures dur le parking de la salle polyvalente.<\/p>\n\n\n\n<p>Merci de bien vouloir d\u00e9poser dans LA BOITE AUX LETTRES DE LA MAIRIE votre coupon r\u00e9ponse ci dessous avant le Vendredi 27 Mai 2022<\/p>\n\n\n\n<figure class=\"wp-block-image\"><img loading=\"lazy\" decoding=\"async\" width=\"579\" height=\"1024\" src=\"http:\/\/commune-loffre.fr\/wp-content\/uploads\/2022\/04\/f\u00eate-des-p\u00e8res-2022-579x1024.jpg\" alt=\"\" class=\"wp-image-6236\" srcset=\"http:\/\/commune-loffre.fr\/wp-content\/uploads\/2022\/04\/f\u00eate-des-p\u00e8res-2022-579x1024.jpg 579w, http:\/\/commune-loffre.fr\/wp-content\/uploads\/2022\/04\/f\u00eate-des-p\u00e8res-2022-170x300.jpg 170w, http:\/\/commune-loffre.fr\/wp-content\/uploads\/2022\/04\/f\u00eate-des-p\u00e8res-2022-768x1359.jpg 768w, http:\/\/commune-loffre.fr\/wp-content\/uploads\/2022\/04\/f\u00eate-des-p\u00e8res-2022-624x1104.jpg 624w, http:\/\/commune-loffre.fr\/wp-content\/uploads\/2022\/04\/f\u00eate-des-p\u00e8res-2022.jpg 1084w\" sizes=\"(max-width: 579px) 100vw, 579px\" \/><\/figure>\n","protected":false},"excerpt":{"rendered":"<p>Monsieur le Maire et le Conseil Municipal invitent les Loffriens \u00e0 un moment convivial \u00e0 l&rsquo;occasion de la f\u00eate des p\u00e8res Le dimanche 26 juin 2022 \u00e0 11 heures dur&#8230; <a href=\"http:\/\/commune-loffre.fr\/index.php\/2022\/04\/20\/fete-des-peres-6\/\">Read more &raquo;<\/a><\/p>\n","protected":false},"author":1,"featured_media":0,"comment_status":"closed","ping_status":"closed","sticky":false,"template":"","format":"standard","meta":{"footnotes":""},"categories":[1],"tags":[],"_links":{"self":[{"href":"http:\/\/commune-loffre.fr\/index.php\/wp-json\/wp\/v2\/posts\/6235"}],"collection":[{"href":"http:\/\/commune-loffre.fr\/index.php\/wp-json\/wp\/v2\/posts"}],"about":[{"href":"http:\/\/commune-loffre.fr\/index.php\/wp-json\/wp\/v2\/types\/post"}],"author":[{"embeddable":true,"href":"http:\/\/commune-loffre.fr\/index.php\/wp-json\/wp\/v2\/users\/1"}],"replies":[{"embeddable":true,"href":"http:\/\/commune-loffre.fr\/index.php\/wp-json\/wp\/v2\/comments?post=6235"}],"version-history":[{"count":1,"href":"http:\/\/commune-loffre.fr\/index.php\/wp-json\/wp\/v2\/posts\/6235\/revisions"}],"predecessor-version":[{"id":6237,"href":"http:\/\/commune-loffre.fr\/index.php\/wp-json\/wp\/v2\/posts\/6235\/revisions\/6237"}],"wp:attachment":[{"href":"http:\/\/commune-loffre.fr\/index.php\/wp-json\/wp\/v2\/media?parent=6235"}],"wp:term":[{"taxonomy":"category","embeddable":true,"href":"http:\/\/commune-loffre.fr\/index.php\/wp-json\/wp\/v2\/categories?post=6235"},{"taxonomy":"post_tag","embeddable":true,"href":"http:\/\/commune-loffre.fr\/index.php\/wp-json\/wp\/v2\/tags?post=6235"}],"curies":[{"name":"wp","href":"https:\/\/api.w.org\/{rel}","templated":true}]}}