{"id":6184,"date":"2022-03-14T17:01:54","date_gmt":"2022-03-14T16:01:54","guid":{"rendered":"http:\/\/commune-loffre.fr\/?p=6184"},"modified":"2022-03-14T17:05:00","modified_gmt":"2022-03-14T16:05:00","slug":"visite-de-m-le-sous-prefet","status":"publish","type":"post","link":"http:\/\/commune-loffre.fr\/index.php\/2022\/03\/14\/visite-de-m-le-sous-prefet\/","title":{"rendered":"VISITE DE M LE SOUS-PR\u00c9FET"},"content":{"rendered":"\n<p>\nVISITE DE MONSIEUR LE SOUS-PR\u00c9FET en mairie de LOFFRE Monsieur BIEUVILLE, Sous-Pr\u00e9fet arriv\u00e9 \u00e0 Douai en novembre 2021, s\u2019est d\u00e9plac\u00e9 dans notre commune afin de rencontrer les \u00e9lus. Monsieur le Maire, la secr\u00e9taire de Mairie et les adjoints ont accueilli Monsieur le Sous-Pr\u00e9fet  et ont pr\u00e9sent\u00e9 les divers projets communaux. Monsieur BIEUVILLE a assur\u00e9 les \u00e9lus du soutien de l\u2019Etat  dans la mise en place de ces projets.\n\n<\/p>\n\n\n\n<figure class=\"wp-block-image\"><img loading=\"lazy\" decoding=\"async\" width=\"1024\" height=\"462\" src=\"http:\/\/commune-loffre.fr\/wp-content\/uploads\/2022\/03\/Prefet-1-1024x462.jpg\" alt=\"\" class=\"wp-image-6191\" srcset=\"http:\/\/commune-loffre.fr\/wp-content\/uploads\/2022\/03\/Prefet-1-1024x462.jpg 1024w, http:\/\/commune-loffre.fr\/wp-content\/uploads\/2022\/03\/Prefet-1-300x135.jpg 300w, http:\/\/commune-loffre.fr\/wp-content\/uploads\/2022\/03\/Prefet-1-768x346.jpg 768w, http:\/\/commune-loffre.fr\/wp-content\/uploads\/2022\/03\/Prefet-1-624x281.jpg 624w, http:\/\/commune-loffre.fr\/wp-content\/uploads\/2022\/03\/Prefet-1.jpg 1420w\" sizes=\"(max-width: 1024px) 100vw, 1024px\" \/><\/figure>\n","protected":false},"excerpt":{"rendered":"<p>VISITE DE MONSIEUR LE SOUS-PR\u00c9FET en mairie de LOFFRE Monsieur BIEUVILLE, Sous-Pr\u00e9fet arriv\u00e9 \u00e0 Douai en novembre 2021, s\u2019est d\u00e9plac\u00e9 dans notre commune afin de rencontrer les \u00e9lus. Monsieur le&#8230; <a href=\"http:\/\/commune-loffre.fr\/index.php\/2022\/03\/14\/visite-de-m-le-sous-prefet\/\">Read more &raquo;<\/a><\/p>\n","protected":false},"author":1,"featured_media":6190,"comment_status":"closed","ping_status":"closed","sticky":false,"template":"","format":"standard","meta":{"footnotes":""},"categories":[1],"tags":[],"_links":{"self":[{"href":"http:\/\/commune-loffre.fr\/index.php\/wp-json\/wp\/v2\/posts\/6184"}],"collection":[{"href":"http:\/\/commune-loffre.fr\/index.php\/wp-json\/wp\/v2\/posts"}],"about":[{"href":"http:\/\/commune-loffre.fr\/index.php\/wp-json\/wp\/v2\/types\/post"}],"author":[{"embeddable":true,"href":"http:\/\/commune-loffre.fr\/index.php\/wp-json\/wp\/v2\/users\/1"}],"replies":[{"embeddable":true,"href":"http:\/\/commune-loffre.fr\/index.php\/wp-json\/wp\/v2\/comments?post=6184"}],"version-history":[{"count":2,"href":"http:\/\/commune-loffre.fr\/index.php\/wp-json\/wp\/v2\/posts\/6184\/revisions"}],"predecessor-version":[{"id":6192,"href":"http:\/\/commune-loffre.fr\/index.php\/wp-json\/wp\/v2\/posts\/6184\/revisions\/6192"}],"wp:featuredmedia":[{"embeddable":true,"href":"http:\/\/commune-loffre.fr\/index.php\/wp-json\/wp\/v2\/media\/6190"}],"wp:attachment":[{"href":"http:\/\/commune-loffre.fr\/index.php\/wp-json\/wp\/v2\/media?parent=6184"}],"wp:term":[{"taxonomy":"category","embeddable":true,"href":"http:\/\/commune-loffre.fr\/index.php\/wp-json\/wp\/v2\/categories?post=6184"},{"taxonomy":"post_tag","embeddable":true,"href":"http:\/\/commune-loffre.fr\/index.php\/wp-json\/wp\/v2\/tags?post=6184"}],"curies":[{"name":"wp","href":"https:\/\/api.w.org\/{rel}","templated":true}]}}