{"id":6173,"date":"2022-03-07T07:55:26","date_gmt":"2022-03-07T06:55:26","guid":{"rendered":"http:\/\/commune-loffre.fr\/?p=6173"},"modified":"2022-03-07T07:55:26","modified_gmt":"2022-03-07T06:55:26","slug":"marche","status":"publish","type":"post","link":"http:\/\/commune-loffre.fr\/index.php\/2022\/03\/07\/marche\/","title":{"rendered":"March\u00e9"},"content":{"rendered":"\n<p>Le samedi 5 mars 2022, le premier march\u00e9 de l&rsquo;ann\u00e9e s&rsquo;est\ntenu \u00e0 Loffre avec ses nouveaux exposants. Le soleil et les villageois \u00e9taient\nau rendez-vous mensuel. Une tombola a fait deux heureux gagnants. Bravo aux\norganisateurs, aux exposants et \u00e0 la population toujours pr\u00e9sente. C&rsquo;est\nreparti pour une nouvelle ann\u00e9e. Le prochain march\u00e9 se tiendra le 2 avril 2022,\nm\u00eame heure, m\u00eame endroit : petite rue de 9h \u00e0 12h.&nbsp;<\/p>\n\n\n\n<figure class=\"wp-block-image\"><img loading=\"lazy\" decoding=\"async\" width=\"768\" height=\"1024\" src=\"http:\/\/commune-loffre.fr\/wp-content\/uploads\/2022\/03\/FB_IMG_1646586790006-1-768x1024.jpg\" alt=\"\" class=\"wp-image-6175\" srcset=\"http:\/\/commune-loffre.fr\/wp-content\/uploads\/2022\/03\/FB_IMG_1646586790006-1.jpg 768w, http:\/\/commune-loffre.fr\/wp-content\/uploads\/2022\/03\/FB_IMG_1646586790006-1-225x300.jpg 225w, http:\/\/commune-loffre.fr\/wp-content\/uploads\/2022\/03\/FB_IMG_1646586790006-1-624x832.jpg 624w\" sizes=\"(max-width: 768px) 100vw, 768px\" \/><\/figure>\n","protected":false},"excerpt":{"rendered":"<p>Le samedi 5 mars 2022, le premier march\u00e9 de l&rsquo;ann\u00e9e s&rsquo;est tenu \u00e0 Loffre avec ses nouveaux exposants. Le soleil et les villageois \u00e9taient au rendez-vous mensuel. Une tombola a&#8230; <a href=\"http:\/\/commune-loffre.fr\/index.php\/2022\/03\/07\/marche\/\">Read more &raquo;<\/a><\/p>\n","protected":false},"author":1,"featured_media":6174,"comment_status":"closed","ping_status":"closed","sticky":false,"template":"","format":"standard","meta":{"footnotes":""},"categories":[1],"tags":[],"_links":{"self":[{"href":"http:\/\/commune-loffre.fr\/index.php\/wp-json\/wp\/v2\/posts\/6173"}],"collection":[{"href":"http:\/\/commune-loffre.fr\/index.php\/wp-json\/wp\/v2\/posts"}],"about":[{"href":"http:\/\/commune-loffre.fr\/index.php\/wp-json\/wp\/v2\/types\/post"}],"author":[{"embeddable":true,"href":"http:\/\/commune-loffre.fr\/index.php\/wp-json\/wp\/v2\/users\/1"}],"replies":[{"embeddable":true,"href":"http:\/\/commune-loffre.fr\/index.php\/wp-json\/wp\/v2\/comments?post=6173"}],"version-history":[{"count":1,"href":"http:\/\/commune-loffre.fr\/index.php\/wp-json\/wp\/v2\/posts\/6173\/revisions"}],"predecessor-version":[{"id":6176,"href":"http:\/\/commune-loffre.fr\/index.php\/wp-json\/wp\/v2\/posts\/6173\/revisions\/6176"}],"wp:featuredmedia":[{"embeddable":true,"href":"http:\/\/commune-loffre.fr\/index.php\/wp-json\/wp\/v2\/media\/6174"}],"wp:attachment":[{"href":"http:\/\/commune-loffre.fr\/index.php\/wp-json\/wp\/v2\/media?parent=6173"}],"wp:term":[{"taxonomy":"category","embeddable":true,"href":"http:\/\/commune-loffre.fr\/index.php\/wp-json\/wp\/v2\/categories?post=6173"},{"taxonomy":"post_tag","embeddable":true,"href":"http:\/\/commune-loffre.fr\/index.php\/wp-json\/wp\/v2\/tags?post=6173"}],"curies":[{"name":"wp","href":"https:\/\/api.w.org\/{rel}","templated":true}]}}