{"id":6168,"date":"2022-03-02T23:26:46","date_gmt":"2022-03-02T22:26:46","guid":{"rendered":"http:\/\/commune-loffre.fr\/?p=6168"},"modified":"2022-03-02T23:26:46","modified_gmt":"2022-03-02T22:26:46","slug":"reprise-du-marche","status":"publish","type":"post","link":"http:\/\/commune-loffre.fr\/index.php\/2022\/03\/02\/reprise-du-marche\/","title":{"rendered":"Reprise du March\u00e9"},"content":{"rendered":"\n<p> \u00c0 PARTIR DU SAMEDI 5 MARS<\/p>\n\n\n\n<ul><li>&gt; tous les 1er samedis du mois,<\/li><li>&gt; de 9h \u00e0 12h,<\/li><li>&gt; Petite rue, aux abords de la place Alphonse Poulet.<br>\n\ud83c\udf3c~\ud83c\udf37~\ud83c\udf3c~\ud83c\udf37 \ud83c\udf3c~\ud83c\udf37~\ud83c\udf3c~\ud83c\udf37~\ud83c\udf3c<br>\n\u270c\ud83c\udffb Deux paniers garnis seront<br>\n\u00c0 GAGNER . \u27a1\ufe0f Pour participer, <br>\nil vous suffit de compl\u00e9ter \u270d\ufe0f un bulletin de participation \ud83d\uddf3(un seul par foyer \ud83c\udfe0), disponible sur les stands des exposants du march\u00e9. <br>\n\ud83c\udf3c~\ud83c\udf37~\ud83c\udf3c~\ud83c\udf37 \ud83c\udf3c~\ud83c\udf37~\ud83c\udf3c~\ud83c\udf37~ \ud83c\udf3c<br>\n\u00c0 tr\u00e8s bient\u00f4t et bonne chance \u00e0 tous \ud83c\udf40\ud83d\ude09<\/li><\/ul>\n\n\n\n<figure class=\"wp-block-image\"><img loading=\"lazy\" decoding=\"async\" width=\"960\" height=\"804\" src=\"http:\/\/commune-loffre.fr\/wp-content\/uploads\/2022\/03\/274158574_470158334753069_2670756895721787487_n.jpg\" alt=\"\" class=\"wp-image-6169\" srcset=\"http:\/\/commune-loffre.fr\/wp-content\/uploads\/2022\/03\/274158574_470158334753069_2670756895721787487_n.jpg 960w, http:\/\/commune-loffre.fr\/wp-content\/uploads\/2022\/03\/274158574_470158334753069_2670756895721787487_n-300x251.jpg 300w, http:\/\/commune-loffre.fr\/wp-content\/uploads\/2022\/03\/274158574_470158334753069_2670756895721787487_n-768x643.jpg 768w, http:\/\/commune-loffre.fr\/wp-content\/uploads\/2022\/03\/274158574_470158334753069_2670756895721787487_n-624x523.jpg 624w\" sizes=\"(max-width: 960px) 100vw, 960px\" \/><\/figure>\n","protected":false},"excerpt":{"rendered":"<p>\u00c0 PARTIR DU SAMEDI 5 MARS &gt; tous les 1er samedis du mois, &gt; de 9h \u00e0 12h, &gt; Petite rue, aux abords de la place Alphonse Poulet. \ud83c\udf3c~\ud83c\udf37~\ud83c\udf3c~\ud83c\udf37 \ud83c\udf3c~\ud83c\udf37~\ud83c\udf3c~\ud83c\udf37~\ud83c\udf3c&#8230; <a href=\"http:\/\/commune-loffre.fr\/index.php\/2022\/03\/02\/reprise-du-marche\/\">Read more &raquo;<\/a><\/p>\n","protected":false},"author":1,"featured_media":6169,"comment_status":"closed","ping_status":"closed","sticky":false,"template":"","format":"standard","meta":{"footnotes":""},"categories":[1],"tags":[],"_links":{"self":[{"href":"http:\/\/commune-loffre.fr\/index.php\/wp-json\/wp\/v2\/posts\/6168"}],"collection":[{"href":"http:\/\/commune-loffre.fr\/index.php\/wp-json\/wp\/v2\/posts"}],"about":[{"href":"http:\/\/commune-loffre.fr\/index.php\/wp-json\/wp\/v2\/types\/post"}],"author":[{"embeddable":true,"href":"http:\/\/commune-loffre.fr\/index.php\/wp-json\/wp\/v2\/users\/1"}],"replies":[{"embeddable":true,"href":"http:\/\/commune-loffre.fr\/index.php\/wp-json\/wp\/v2\/comments?post=6168"}],"version-history":[{"count":1,"href":"http:\/\/commune-loffre.fr\/index.php\/wp-json\/wp\/v2\/posts\/6168\/revisions"}],"predecessor-version":[{"id":6170,"href":"http:\/\/commune-loffre.fr\/index.php\/wp-json\/wp\/v2\/posts\/6168\/revisions\/6170"}],"wp:featuredmedia":[{"embeddable":true,"href":"http:\/\/commune-loffre.fr\/index.php\/wp-json\/wp\/v2\/media\/6169"}],"wp:attachment":[{"href":"http:\/\/commune-loffre.fr\/index.php\/wp-json\/wp\/v2\/media?parent=6168"}],"wp:term":[{"taxonomy":"category","embeddable":true,"href":"http:\/\/commune-loffre.fr\/index.php\/wp-json\/wp\/v2\/categories?post=6168"},{"taxonomy":"post_tag","embeddable":true,"href":"http:\/\/commune-loffre.fr\/index.php\/wp-json\/wp\/v2\/tags?post=6168"}],"curies":[{"name":"wp","href":"https:\/\/api.w.org\/{rel}","templated":true}]}}