{"id":6166,"date":"2022-03-02T23:24:00","date_gmt":"2022-03-02T22:24:00","guid":{"rendered":"http:\/\/commune-loffre.fr\/?p=6166"},"modified":"2022-03-02T23:24:00","modified_gmt":"2022-03-02T22:24:00","slug":"fibre","status":"publish","type":"post","link":"http:\/\/commune-loffre.fr\/index.php\/2022\/03\/02\/fibre\/","title":{"rendered":"Fibre"},"content":{"rendered":"\n<p>Ce lundi 1er mars 2022, la rue St Jean est \u00e9ligible sur Cap\nfibre. Vous pouvez d\u00e8s \u00e0 pr\u00e9sent obtenir la fibre dans vos foyers. Monsieur le\nmaire continue le combat pour Petit cr\u00e9dit (hameau) et rue de Lewarde.&nbsp;<\/p>\n","protected":false},"excerpt":{"rendered":"<p>Ce lundi 1er mars 2022, la rue St Jean est \u00e9ligible sur Cap fibre. Vous pouvez d\u00e8s \u00e0 pr\u00e9sent obtenir la fibre dans vos foyers. Monsieur le maire continue le&#8230; <a href=\"http:\/\/commune-loffre.fr\/index.php\/2022\/03\/02\/fibre\/\">Read more &raquo;<\/a><\/p>\n","protected":false},"author":1,"featured_media":0,"comment_status":"closed","ping_status":"closed","sticky":false,"template":"","format":"standard","meta":{"footnotes":""},"categories":[1],"tags":[],"_links":{"self":[{"href":"http:\/\/commune-loffre.fr\/index.php\/wp-json\/wp\/v2\/posts\/6166"}],"collection":[{"href":"http:\/\/commune-loffre.fr\/index.php\/wp-json\/wp\/v2\/posts"}],"about":[{"href":"http:\/\/commune-loffre.fr\/index.php\/wp-json\/wp\/v2\/types\/post"}],"author":[{"embeddable":true,"href":"http:\/\/commune-loffre.fr\/index.php\/wp-json\/wp\/v2\/users\/1"}],"replies":[{"embeddable":true,"href":"http:\/\/commune-loffre.fr\/index.php\/wp-json\/wp\/v2\/comments?post=6166"}],"version-history":[{"count":1,"href":"http:\/\/commune-loffre.fr\/index.php\/wp-json\/wp\/v2\/posts\/6166\/revisions"}],"predecessor-version":[{"id":6167,"href":"http:\/\/commune-loffre.fr\/index.php\/wp-json\/wp\/v2\/posts\/6166\/revisions\/6167"}],"wp:attachment":[{"href":"http:\/\/commune-loffre.fr\/index.php\/wp-json\/wp\/v2\/media?parent=6166"}],"wp:term":[{"taxonomy":"category","embeddable":true,"href":"http:\/\/commune-loffre.fr\/index.php\/wp-json\/wp\/v2\/categories?post=6166"},{"taxonomy":"post_tag","embeddable":true,"href":"http:\/\/commune-loffre.fr\/index.php\/wp-json\/wp\/v2\/tags?post=6166"}],"curies":[{"name":"wp","href":"https:\/\/api.w.org\/{rel}","templated":true}]}}