{"id":6144,"date":"2022-02-16T23:43:25","date_gmt":"2022-02-16T22:43:25","guid":{"rendered":"http:\/\/commune-loffre.fr\/?p=6144"},"modified":"2022-02-16T23:43:25","modified_gmt":"2022-02-16T22:43:25","slug":"programmation-culturelle","status":"publish","type":"post","link":"http:\/\/commune-loffre.fr\/index.php\/2022\/02\/16\/programmation-culturelle\/","title":{"rendered":"Programmation culturelle"},"content":{"rendered":"\n<p>Comme chaque ann\u00e9e, Sylvie Lariviere, adjointe \u00e0 la culture\n\u00e0 la Commune de Loffre se d\u00e9m\u00e8ne pour offrir aux enfants de l&rsquo;\u00e9cole maternelle\nHenri Matisse, \u00e0 leur enseignante, aux enfants du village accompagn\u00e9s de leurs\nparents, un magnifique spectacle. Cette ann\u00e9e, c&rsquo;\u00e9tait : \u00ab\u00a0Bleu\u00a0\u00bb : une\ncr\u00e9ation inspir\u00e9e par un tableau de Joan Miro. C&rsquo;est une forte envie de\nrespirer&#8230;. de couleurs, de fantaisie, de partage d&rsquo;\u00e9motions. Sylvie Lariviere\nvalorise le partenariat entre le D\u00e9partement, la CCCO et la Commune qui a\npermis aux jeunes habitants, en acc\u00e8s libre, de profiter de ce magnifique\nspectacle. UN GRAND MERCI.<\/p>\n\n\n\n<figure class=\"wp-block-image\"><img loading=\"lazy\" decoding=\"async\" width=\"768\" height=\"1024\" src=\"http:\/\/commune-loffre.fr\/wp-content\/uploads\/2022\/02\/IMG_428711-768x1024.jpg\" alt=\"\" class=\"wp-image-6145\" srcset=\"http:\/\/commune-loffre.fr\/wp-content\/uploads\/2022\/02\/IMG_428711.jpg 768w, http:\/\/commune-loffre.fr\/wp-content\/uploads\/2022\/02\/IMG_428711-225x300.jpg 225w, http:\/\/commune-loffre.fr\/wp-content\/uploads\/2022\/02\/IMG_428711-624x832.jpg 624w\" sizes=\"(max-width: 768px) 100vw, 768px\" \/><\/figure>\n\n\n\n<figure class=\"wp-block-image\"><img loading=\"lazy\" decoding=\"async\" width=\"768\" height=\"1024\" src=\"http:\/\/commune-loffre.fr\/wp-content\/uploads\/2022\/02\/IMG_428811-768x1024.jpg\" alt=\"\" class=\"wp-image-6146\" srcset=\"http:\/\/commune-loffre.fr\/wp-content\/uploads\/2022\/02\/IMG_428811-768x1024.jpg 768w, http:\/\/commune-loffre.fr\/wp-content\/uploads\/2022\/02\/IMG_428811-225x300.jpg 225w, http:\/\/commune-loffre.fr\/wp-content\/uploads\/2022\/02\/IMG_428811-624x832.jpg 624w, http:\/\/commune-loffre.fr\/wp-content\/uploads\/2022\/02\/IMG_428811.jpg 960w\" sizes=\"(max-width: 768px) 100vw, 768px\" \/><\/figure>\n","protected":false},"excerpt":{"rendered":"<p>Comme chaque ann\u00e9e, Sylvie Lariviere, adjointe \u00e0 la culture \u00e0 la Commune de Loffre se d\u00e9m\u00e8ne pour offrir aux enfants de l&rsquo;\u00e9cole maternelle Henri Matisse, \u00e0 leur enseignante, aux enfants&#8230; <a href=\"http:\/\/commune-loffre.fr\/index.php\/2022\/02\/16\/programmation-culturelle\/\">Read more &raquo;<\/a><\/p>\n","protected":false},"author":1,"featured_media":6145,"comment_status":"closed","ping_status":"closed","sticky":false,"template":"","format":"standard","meta":{"footnotes":""},"categories":[1],"tags":[],"_links":{"self":[{"href":"http:\/\/commune-loffre.fr\/index.php\/wp-json\/wp\/v2\/posts\/6144"}],"collection":[{"href":"http:\/\/commune-loffre.fr\/index.php\/wp-json\/wp\/v2\/posts"}],"about":[{"href":"http:\/\/commune-loffre.fr\/index.php\/wp-json\/wp\/v2\/types\/post"}],"author":[{"embeddable":true,"href":"http:\/\/commune-loffre.fr\/index.php\/wp-json\/wp\/v2\/users\/1"}],"replies":[{"embeddable":true,"href":"http:\/\/commune-loffre.fr\/index.php\/wp-json\/wp\/v2\/comments?post=6144"}],"version-history":[{"count":1,"href":"http:\/\/commune-loffre.fr\/index.php\/wp-json\/wp\/v2\/posts\/6144\/revisions"}],"predecessor-version":[{"id":6147,"href":"http:\/\/commune-loffre.fr\/index.php\/wp-json\/wp\/v2\/posts\/6144\/revisions\/6147"}],"wp:featuredmedia":[{"embeddable":true,"href":"http:\/\/commune-loffre.fr\/index.php\/wp-json\/wp\/v2\/media\/6145"}],"wp:attachment":[{"href":"http:\/\/commune-loffre.fr\/index.php\/wp-json\/wp\/v2\/media?parent=6144"}],"wp:term":[{"taxonomy":"category","embeddable":true,"href":"http:\/\/commune-loffre.fr\/index.php\/wp-json\/wp\/v2\/categories?post=6144"},{"taxonomy":"post_tag","embeddable":true,"href":"http:\/\/commune-loffre.fr\/index.php\/wp-json\/wp\/v2\/tags?post=6144"}],"curies":[{"name":"wp","href":"https:\/\/api.w.org\/{rel}","templated":true}]}}