{"id":6133,"date":"2022-02-16T23:37:41","date_gmt":"2022-02-16T22:37:41","guid":{"rendered":"http:\/\/commune-loffre.fr\/?p=6133"},"modified":"2022-02-16T23:39:34","modified_gmt":"2022-02-16T22:39:34","slug":"centre-aere-ete-2022","status":"publish","type":"post","link":"http:\/\/commune-loffre.fr\/index.php\/2022\/02\/16\/centre-aere-ete-2022\/","title":{"rendered":"Centre A\u00e9r\u00e9 \u00e9t\u00e9 2022"},"content":{"rendered":"\n<p>Pour les parents d\u00e9sirant inscrire leurs enfants au Centre A\u00e9r\u00e9 de cet \u00e9t\u00e9 . Les inscriptions sont \u00e0 rendre avant le 15 mars en mairie. <\/p>\n\n\n\n<figure class=\"wp-block-image\"><img loading=\"lazy\" decoding=\"async\" width=\"724\" height=\"1024\" src=\"http:\/\/commune-loffre.fr\/wp-content\/uploads\/2022\/02\/273717879_464715875297315_5792500027709723898_n-1-724x1024.jpg\" alt=\"\" class=\"wp-image-6139\" srcset=\"http:\/\/commune-loffre.fr\/wp-content\/uploads\/2022\/02\/273717879_464715875297315_5792500027709723898_n-1-724x1024.jpg 724w, http:\/\/commune-loffre.fr\/wp-content\/uploads\/2022\/02\/273717879_464715875297315_5792500027709723898_n-1-212x300.jpg 212w, http:\/\/commune-loffre.fr\/wp-content\/uploads\/2022\/02\/273717879_464715875297315_5792500027709723898_n-1-768x1086.jpg 768w, http:\/\/commune-loffre.fr\/wp-content\/uploads\/2022\/02\/273717879_464715875297315_5792500027709723898_n-1-624x883.jpg 624w, http:\/\/commune-loffre.fr\/wp-content\/uploads\/2022\/02\/273717879_464715875297315_5792500027709723898_n-1.jpg 1448w\" sizes=\"(max-width: 724px) 100vw, 724px\" \/><\/figure>\n\n\n\n<figure class=\"wp-block-image\"><img loading=\"lazy\" decoding=\"async\" width=\"724\" height=\"1024\" src=\"http:\/\/commune-loffre.fr\/wp-content\/uploads\/2022\/02\/273568081_464715865297316_2035139571503915966_n-1-724x1024.jpg\" alt=\"\" class=\"wp-image-6137\" srcset=\"http:\/\/commune-loffre.fr\/wp-content\/uploads\/2022\/02\/273568081_464715865297316_2035139571503915966_n-1-724x1024.jpg 724w, http:\/\/commune-loffre.fr\/wp-content\/uploads\/2022\/02\/273568081_464715865297316_2035139571503915966_n-1-212x300.jpg 212w, http:\/\/commune-loffre.fr\/wp-content\/uploads\/2022\/02\/273568081_464715865297316_2035139571503915966_n-1-768x1086.jpg 768w, http:\/\/commune-loffre.fr\/wp-content\/uploads\/2022\/02\/273568081_464715865297316_2035139571503915966_n-1-624x883.jpg 624w, http:\/\/commune-loffre.fr\/wp-content\/uploads\/2022\/02\/273568081_464715865297316_2035139571503915966_n-1.jpg 1448w\" sizes=\"(max-width: 724px) 100vw, 724px\" \/><\/figure>\n","protected":false},"excerpt":{"rendered":"<p>Pour les parents d\u00e9sirant inscrire leurs enfants au Centre A\u00e9r\u00e9 de cet \u00e9t\u00e9 . Les inscriptions sont \u00e0 rendre avant le 15 mars en mairie.<\/p>\n","protected":false},"author":1,"featured_media":0,"comment_status":"closed","ping_status":"closed","sticky":false,"template":"","format":"standard","meta":{"footnotes":""},"categories":[1],"tags":[],"_links":{"self":[{"href":"http:\/\/commune-loffre.fr\/index.php\/wp-json\/wp\/v2\/posts\/6133"}],"collection":[{"href":"http:\/\/commune-loffre.fr\/index.php\/wp-json\/wp\/v2\/posts"}],"about":[{"href":"http:\/\/commune-loffre.fr\/index.php\/wp-json\/wp\/v2\/types\/post"}],"author":[{"embeddable":true,"href":"http:\/\/commune-loffre.fr\/index.php\/wp-json\/wp\/v2\/users\/1"}],"replies":[{"embeddable":true,"href":"http:\/\/commune-loffre.fr\/index.php\/wp-json\/wp\/v2\/comments?post=6133"}],"version-history":[{"count":3,"href":"http:\/\/commune-loffre.fr\/index.php\/wp-json\/wp\/v2\/posts\/6133\/revisions"}],"predecessor-version":[{"id":6140,"href":"http:\/\/commune-loffre.fr\/index.php\/wp-json\/wp\/v2\/posts\/6133\/revisions\/6140"}],"wp:attachment":[{"href":"http:\/\/commune-loffre.fr\/index.php\/wp-json\/wp\/v2\/media?parent=6133"}],"wp:term":[{"taxonomy":"category","embeddable":true,"href":"http:\/\/commune-loffre.fr\/index.php\/wp-json\/wp\/v2\/categories?post=6133"},{"taxonomy":"post_tag","embeddable":true,"href":"http:\/\/commune-loffre.fr\/index.php\/wp-json\/wp\/v2\/tags?post=6133"}],"curies":[{"name":"wp","href":"https:\/\/api.w.org\/{rel}","templated":true}]}}